{"id":13242,"date":"2025-06-09T19:05:48","date_gmt":"2025-06-09T22:05:48","guid":{"rendered":"https:\/\/partediario.com.ar\/?p=13242"},"modified":"2025-06-10T16:47:57","modified_gmt":"2025-06-10T19:47:57","slug":"trabajadores-del-hospital-garrahan-llevan-adelante-una-nueva-convocatoria-para-movilizarse-hacia-plaza-de-mayo","status":"publish","type":"post","link":"https:\/\/partediario.com.ar\/?p=13242","title":{"rendered":"Trabajadores del Hospital Garrahan llevan adelante una nueva convocatoria para movilizarse hacia Plaza de Mayo"},"content":{"rendered":"\n<h2 class=\"wp-block-heading\">La Asociaci\u00f3n de Profesionales y T\u00e9cnicos (APyT) del Hopital Garrahan realiza una nueva convocatoria con movilizaci\u00f3n en Plaza de Mayo, y en todas las plazas del pa\u00eds, en el marco del ajuste y la falta de presupuesto por parte del Gobierno Nacional con el hospital de referencia regional.<\/h2>\n\n\n\n<p>Despu\u00e9s que el pasado viernes, los trabajadores llevaran a cabo un Cabildo Abierto en el mismo hospital junto a organizaciones sociales, de la salud, cient\u00edficas, estudiantiles y de derechos humanos de todo el pa\u00eds, decidieron una nueva medida de fuerza para visibilizar la dur\u00edsima situaci\u00f3n que atraviesa la instituci\u00f3n pedi\u00e1trica.<\/p>\n\n\n\n<p>\u201cRecibimos un apoyo inmenso y contundente a la lucha que llevamos adelante. El Gobierno Nacional apuesta al desgaste, la divisi\u00f3n y la confusi\u00f3n. Convocan a una conciliaci\u00f3n obligatoria donde el Ministerio de Salud no se presenta, ofrecen un aumento solo a residentes, y el Consejo de Administraci\u00f3n del hospital responde con intimidaciones en lugar de comprometerse con el Garrahan\u201d, manifestaron desde APyT, en declaraciones a NA.<\/p>\n\n\n\n<p>Asimismo, se\u00f1alaron que desde el Hospital \u201cresponden con unidad y claridad\u201d y, por ese motivo, convocan \u201ca toda la sociedad\u201d a movilizarse el mi\u00e9rcoles 11 a las 16hs frente a Casa Rosada, donde lanzar\u00e1n una campa\u00f1a de recolecci\u00f3n de firmas.<\/p>\n\n\n\n<p>Tambi\u00e9n se llevar\u00e1n a cabo acciones p\u00fablicas en f\u00e1bricas, universidades, plazas y escuelas porque \u201cel Garrahan es de toda la comunidad\u201d y se defiende \u201ccon la fuerza de quienes nunca dejan de cuidar\u201d.<\/p>\n\n\n\n<p>\u00abDeber\u00eda renunciar todo el Consejo de Administraci\u00f3n del Hospital Garrahan y adem\u00e1s deber\u00eda renunciar el ministro nacional de Salud, Mario Lugones, que evidentemente es incompetente para el cargo que ocupa\u00bb, finalizaron.<\/p>\n","protected":false},"excerpt":{"rendered":"<p>La Asociaci&oacute;n de Profesionales y T&eacute;cnicos (APyT) del Hopital Garrahan realiza una nueva convocatoria con movilizaci&oacute;n en Plaza de Mayo, y en todas las plazas del pa&iacute;s, en el marco del ajuste y la falta de presupuesto por parte del Gobierno Nacional con el hospital de referencia regional. Despu&eacute;s que el pasado viernes, los trabajadores [&hellip;]<\/p>\n","protected":false},"author":2,"featured_media":13243,"comment_status":"open","ping_status":"open","sticky":false,"template":"","format":"standard","meta":{"footnotes":""},"categories":[5,176,726],"tags":[6135,628,3557,6136,287,4148],"class_list":["post-13242","post","type-post","status-publish","format-standard","has-post-thumbnail","hentry","category-nacionales","category-politica","category-sociedad","tag-apyt","tag-convocatoria","tag-garrahan","tag-gobierno-nacional","tag-hospital","tag-plaza-de-mayo"],"_links":{"self":[{"href":"https:\/\/partediario.com.ar\/index.php?rest_route=\/wp\/v2\/posts\/13242","targetHints":{"allow":["GET"]}}],"collection":[{"href":"https:\/\/partediario.com.ar\/index.php?rest_route=\/wp\/v2\/posts"}],"about":[{"href":"https:\/\/partediario.com.ar\/index.php?rest_route=\/wp\/v2\/types\/post"}],"author":[{"embeddable":true,"href":"https:\/\/partediario.com.ar\/index.php?rest_route=\/wp\/v2\/users\/2"}],"replies":[{"embeddable":true,"href":"https:\/\/partediario.com.ar\/index.php?rest_route=%2Fwp%2Fv2%2Fcomments&post=13242"}],"version-history":[{"count":1,"href":"https:\/\/partediario.com.ar\/index.php?rest_route=\/wp\/v2\/posts\/13242\/revisions"}],"predecessor-version":[{"id":13244,"href":"https:\/\/partediario.com.ar\/index.php?rest_route=\/wp\/v2\/posts\/13242\/revisions\/13244"}],"wp:featuredmedia":[{"embeddable":true,"href":"https:\/\/partediario.com.ar\/index.php?rest_route=\/wp\/v2\/media\/13243"}],"wp:attachment":[{"href":"https:\/\/partediario.com.ar\/index.php?rest_route=%2Fwp%2Fv2%2Fmedia&parent=13242"}],"wp:term":[{"taxonomy":"category","embeddable":true,"href":"https:\/\/partediario.com.ar\/index.php?rest_route=%2Fwp%2Fv2%2Fcategories&post=13242"},{"taxonomy":"post_tag","embeddable":true,"href":"https:\/\/partediario.com.ar\/index.php?rest_route=%2Fwp%2Fv2%2Ftags&post=13242"}],"curies":[{"name":"wp","href":"https:\/\/api.w.org\/{rel}","templated":true}]}}