{"id":13257,"date":"2025-06-10T16:46:55","date_gmt":"2025-06-10T19:46:55","guid":{"rendered":"https:\/\/partediario.com.ar\/?p=13257"},"modified":"2025-06-11T17:15:46","modified_gmt":"2025-06-11T20:15:46","slug":"fallo-corte-suprema-sobre-cristina-kirchner-la-democracia-esta-en-peligro-senalaron-desde-la-cgt","status":"publish","type":"post","link":"https:\/\/partediario.com.ar\/?p=13257","title":{"rendered":"Fallo Corte Suprema sobre Cristina Kirchner: \u00abLa democracia est\u00e1 en peligro\u00bb, se\u00f1alaron desde la CGT"},"content":{"rendered":"\n<h2 class=\"wp-block-heading\">La Confederaci\u00f3n General del Trabajo (CGT) dio a conocer un comunicado en el que afirm\u00f3 que \u00abla democracia est\u00e1 en peligro\u00bb, haciendo referencia al fallo que dict\u00f3 la Corte Suprema de Justicia, condenando a la ex presidenta de la Naci\u00f3n y actual titular del Partido Justicialista (PJ) por la Causa Vialidad, y que hoy por la tarde, posiblemente ratifique.<\/h2>\n\n\n\n<p>En apoyo a la ex presidente, y asegurando es un tema de \u201cpersecuci\u00f3n y proscripci\u00f3n pol\u00edtica\u201d, se\u00f1alaron que, en v\u00edsperas de una nueva elecci\u00f3n, \u201ccualquier fallo que ponga en cuesti\u00f3n las reglas democr\u00e1ticas\u201d, no hace m\u00e1s que \u201calterar el normal funcionamiento institucional\u201d de la Naci\u00f3n porque son causas \u201cen las que se observan irregularidades\u201d y hay una difusi\u00f3n \u201canticipada\u201d, a trav\u00e9s de los medios, y manipulaci\u00f3n informativa.<\/p>\n\n\n\n<p>\u201cDe este modo, se desvirt\u00faan y desnaturalizan los procesos de investigaci\u00f3n y juzgamiento, que deber\u00edan ajustarse a derecho y respetar las garant\u00edas. Es un procedimiento que ya se ha utilizado en pa\u00edses hermanos, cuyo caso m\u00e1s emblem\u00e1tico fue el del compa\u00f1ero (In\u00e1cio) \u2018Lula\u2019 Da Silva en Brasil\u201d, destacaron.<\/p>\n\n\n\n<p>Adem\u00e1s, los miembros de la central sostuvieron que \u201ces la voluntad popular\u201d la que debe ser \u201cresguardada\u201d, ya que solo los ciudadanos son quienes deben decidir, \u201ca trav\u00e9s de elecciones libres\u201d, qui\u00e9nes ser\u00e1n sus representantes, \u201csin interferencias de otros poderes\u201d porque es \u201cun acto de soberan\u00eda constitucional\u201d.<\/p>\n\n\n\n<p>Por estos motivos, manifestaron su \u201cprofundo repudio a la embestida medi\u00e1tica y pol\u00edtica\u201d y le exigieron responsabilidad al Poder Judicial para que act\u00fae \u201ccon la integridad que la ley exige y la sociedad le reclama\u201d.<\/p>\n\n\n\n<p>\u201cSin lugar a dudas, la persecuci\u00f3n a los candidatos, ya sea del peronismo o de cualquier otra organizaci\u00f3n que defienda los intereses nacionales y populares, confirma que la proscripci\u00f3n electoral es una condici\u00f3n necesaria para imponer un modelo econ\u00f3mico y social de desigualdad, fragmentaci\u00f3n y empobrecimiento de las mayor\u00edas\u201d, finalizaron.<\/p>\n","protected":false},"excerpt":{"rendered":"<p>La Confederaci&oacute;n General del Trabajo (CGT) dio a conocer un comunicado en el que afirm&oacute; que &laquo;la democracia est&aacute; en peligro&raquo;, haciendo referencia al fallo que dict&oacute; la Corte Suprema de Justicia, condenando a la ex presidenta de la Naci&oacute;n y actual titular del Partido Justicialista (PJ) por la Causa Vialidad, y que hoy por [&hellip;]<\/p>\n","protected":false},"author":2,"featured_media":13258,"comment_status":"open","ping_status":"open","sticky":false,"template":"","format":"standard","meta":{"footnotes":""},"categories":[978,5,176],"tags":[309,226,6106,518,1893],"class_list":["post-13257","post","type-post","status-publish","format-standard","has-post-thumbnail","hentry","category-gremiales","category-nacionales","category-politica","tag-apoyo","tag-cgt","tag-corte-suprema-justicia","tag-cristina-kirchner","tag-fallo"],"_links":{"self":[{"href":"https:\/\/partediario.com.ar\/index.php?rest_route=\/wp\/v2\/posts\/13257","targetHints":{"allow":["GET"]}}],"collection":[{"href":"https:\/\/partediario.com.ar\/index.php?rest_route=\/wp\/v2\/posts"}],"about":[{"href":"https:\/\/partediario.com.ar\/index.php?rest_route=\/wp\/v2\/types\/post"}],"author":[{"embeddable":true,"href":"https:\/\/partediario.com.ar\/index.php?rest_route=\/wp\/v2\/users\/2"}],"replies":[{"embeddable":true,"href":"https:\/\/partediario.com.ar\/index.php?rest_route=%2Fwp%2Fv2%2Fcomments&post=13257"}],"version-history":[{"count":1,"href":"https:\/\/partediario.com.ar\/index.php?rest_route=\/wp\/v2\/posts\/13257\/revisions"}],"predecessor-version":[{"id":13259,"href":"https:\/\/partediario.com.ar\/index.php?rest_route=\/wp\/v2\/posts\/13257\/revisions\/13259"}],"wp:featuredmedia":[{"embeddable":true,"href":"https:\/\/partediario.com.ar\/index.php?rest_route=\/wp\/v2\/media\/13258"}],"wp:attachment":[{"href":"https:\/\/partediario.com.ar\/index.php?rest_route=%2Fwp%2Fv2%2Fmedia&parent=13257"}],"wp:term":[{"taxonomy":"category","embeddable":true,"href":"https:\/\/partediario.com.ar\/index.php?rest_route=%2Fwp%2Fv2%2Fcategories&post=13257"},{"taxonomy":"post_tag","embeddable":true,"href":"https:\/\/partediario.com.ar\/index.php?rest_route=%2Fwp%2Fv2%2Ftags&post=13257"}],"curies":[{"name":"wp","href":"https:\/\/api.w.org\/{rel}","templated":true}]}}