{"id":13265,"date":"2025-06-10T20:22:04","date_gmt":"2025-06-10T23:22:04","guid":{"rendered":"https:\/\/partediario.com.ar\/?p=13265"},"modified":"2025-06-11T17:15:39","modified_gmt":"2025-06-11T20:15:39","slug":"javier-milei-festejo-la-condena-a-cristina-kirchner-justicia-fin","status":"publish","type":"post","link":"https:\/\/partediario.com.ar\/?p=13265","title":{"rendered":"Javier Milei festej\u00f3 la condena a Cristina Kirchner: \u201cJusticia. Fin\u201d"},"content":{"rendered":"\n<h2 class=\"wp-block-heading\">El presidente Javier Milei asegur\u00f3 esta tarde que \u201cse hizo justicia\u201d ante la condena confirmada por la Corte Suprema de Justicia,contra la ex presidenta Cristina Kirchner a 6 a\u00f1os de prisi\u00f3n por la causa Vialidad.<\/h2>\n\n\n\n<p>De este modo se refiri\u00f3 el jefe de Estado ante la sentencia confirmada por la Corte Suprema, haciendo alusi\u00f3n al \u201cpacto de impunidad\u201d que se lo acus\u00f3 de acordar con el kirchnerismo.<\/p>\n\n\n\n<p><\/p>\n\n\n\n<blockquote class=\"twitter-tweet\"><p lang=\"es\" dir=\"ltr\">Justicia.<br>Fin.<br><br>PD: la Rep\u00fablica funciona y todos los periodi$ta$ corrupto$, c\u00f3mplices de pol\u00edtico$ mentiro$o$, han quedado expuesto en sus opereta$ sobre el supuesto pacto de impunidad.<\/p>&mdash; Javier Milei (@JMilei) <a href=\"https:\/\/twitter.com\/JMilei\/status\/1932533469843755323?ref_src=twsrc%5Etfw\">June 10, 2025<\/a><\/blockquote> <script async src=\"https:\/\/platform.twitter.com\/widgets.js\" charset=\"utf-8\"><\/script>\n\n\n\n<p><\/p>\n\n\n\n<p>\u201cJusticia. Fin. La Rep\u00fablica funciona y todos los periodistas corruptos, c\u00f3mplices de pol\u00edticos mentirosos, han quedado expuestos en sus operetas sobre el supuesto pacto de impunidad\u201d, poste\u00f3 Milei en sus redes sociales.<\/p>\n\n\n\n<p>La Corte Suprema de Justicia dej\u00f3 firme hoy la condena a seis a\u00f1os de prisi\u00f3n para la ex presidenta Cristina Fern\u00e1ndez de Kirchner, al rechazar por unanimidad los recursos presentados por la defensa de la ex mandataria en la causa por irregularidades en la adjudicaci\u00f3n de 51 obras p\u00fablicas viales en la provincia de Santa Cruz.<\/p>\n\n\n\n<p>El m\u00e1ximo tribunal, integrado por Horacio Rosatti, Carlos Rosenkrantz y Ricardo Lorenzetti, rechaz\u00f3 cada uno de los argumentos del recurso de queja presentados por la ex mandataria y sostuvo que \u201cel debido proceso ha sido salvaguardado\u201d y que \u201cla encausada obtuvo una sentencia fundada en ley\u201d.<\/p>\n","protected":false},"excerpt":{"rendered":"<p>El presidente Javier Milei asegur&oacute; esta tarde que &ldquo;se hizo justicia&rdquo; ante la condena confirmada por la Corte Suprema de Justicia,contra la ex presidenta Cristina Kirchner a 6 a&ntilde;os de prisi&oacute;n por la causa Vialidad. De este modo se refiri&oacute; el jefe de Estado ante la sentencia confirmada por la Corte Suprema, haciendo alusi&oacute;n al [&hellip;]<\/p>\n","protected":false},"author":2,"featured_media":13266,"comment_status":"open","ping_status":"open","sticky":false,"template":"","format":"standard","meta":{"footnotes":""},"categories":[979,5,176],"tags":[3652,518,1453,232],"class_list":["post-13265","post","type-post","status-publish","format-standard","has-post-thumbnail","hentry","category-judiciales","category-nacionales","category-politica","tag-condena","tag-cristina-kirchner","tag-festejo","tag-javier-milei"],"_links":{"self":[{"href":"https:\/\/partediario.com.ar\/index.php?rest_route=\/wp\/v2\/posts\/13265","targetHints":{"allow":["GET"]}}],"collection":[{"href":"https:\/\/partediario.com.ar\/index.php?rest_route=\/wp\/v2\/posts"}],"about":[{"href":"https:\/\/partediario.com.ar\/index.php?rest_route=\/wp\/v2\/types\/post"}],"author":[{"embeddable":true,"href":"https:\/\/partediario.com.ar\/index.php?rest_route=\/wp\/v2\/users\/2"}],"replies":[{"embeddable":true,"href":"https:\/\/partediario.com.ar\/index.php?rest_route=%2Fwp%2Fv2%2Fcomments&post=13265"}],"version-history":[{"count":1,"href":"https:\/\/partediario.com.ar\/index.php?rest_route=\/wp\/v2\/posts\/13265\/revisions"}],"predecessor-version":[{"id":13267,"href":"https:\/\/partediario.com.ar\/index.php?rest_route=\/wp\/v2\/posts\/13265\/revisions\/13267"}],"wp:featuredmedia":[{"embeddable":true,"href":"https:\/\/partediario.com.ar\/index.php?rest_route=\/wp\/v2\/media\/13266"}],"wp:attachment":[{"href":"https:\/\/partediario.com.ar\/index.php?rest_route=%2Fwp%2Fv2%2Fmedia&parent=13265"}],"wp:term":[{"taxonomy":"category","embeddable":true,"href":"https:\/\/partediario.com.ar\/index.php?rest_route=%2Fwp%2Fv2%2Fcategories&post=13265"},{"taxonomy":"post_tag","embeddable":true,"href":"https:\/\/partediario.com.ar\/index.php?rest_route=%2Fwp%2Fv2%2Ftags&post=13265"}],"curies":[{"name":"wp","href":"https:\/\/api.w.org\/{rel}","templated":true}]}}