{"id":13268,"date":"2025-06-10T20:27:08","date_gmt":"2025-06-10T23:27:08","guid":{"rendered":"https:\/\/partediario.com.ar\/?p=13268"},"modified":"2025-06-11T17:15:35","modified_gmt":"2025-06-11T20:15:35","slug":"el-mensaje-de-carrio-a-lanata-tras-la-condena-a-cristina-hoy-me-hace-falta-jorge","status":"publish","type":"post","link":"https:\/\/partediario.com.ar\/?p=13268","title":{"rendered":"El mensaje de Carri\u00f3 a Lanata tras la condena a Cristina: \u201cHoy me hace falta Jorge\u201d"},"content":{"rendered":"\n<h2 class=\"wp-block-heading\">La referente de la Coalici\u00f3n C\u00edvica Elisa Carri\u00f3 record\u00f3 hoy al periodista Jorge Lanata despu\u00e9s que la Corte Suprema ratificara la condena a seis a\u00f1os contra la ex presidenta Cristina Fern\u00e1ndez por la causa Vialidad.<\/h2>\n\n\n\n<p><\/p>\n\n\n\n<blockquote class=\"twitter-tweet\"><p lang=\"es\" dir=\"ltr\">Hoy me hace falta Jorge. <a href=\"https:\/\/t.co\/eWayZuwDRT\">pic.twitter.com\/eWayZuwDRT<\/a><\/p>&mdash; Elisa Lilita Carri\u00f3 (@elisacarrio) <a href=\"https:\/\/twitter.com\/elisacarrio\/status\/1932530164719550896?ref_src=twsrc%5Etfw\">June 10, 2025<\/a><\/blockquote> <script async src=\"https:\/\/platform.twitter.com\/widgets.js\" charset=\"utf-8\"><\/script>\n\n\n\n<p><\/p>\n\n\n\n<p>\u201cHoy me hace falta Jorge\u201d, manifest\u00f3 Carri\u00f3 desde sus redes sociales junto a una foto del periodista fallecido el 30 de diciembre de 2024.<\/p>\n\n\n\n<p>La Corte Suprema confirm\u00f3 hoy la sentencia contra la presidenta del PJ al desestimar su recurso de queja e inhabilit\u00f3 su candidatura a legisladora en la tercera secci\u00f3n de la provincia de Buenos Aires.<\/p>\n\n\n\n<p>Los magistrados Horacio Rosatti, Carlos Rosenkrantz y Ricardo Lorenzetti rechazaron cada uno de los argumentos, se\u00f1alaron que \u201cel debido proceso ha sido salvaguardado\u201d y que \u201cla encausada obtuvo una sentencia fundada en ley\u201d.<\/p>\n\n\n\n<p>El m\u00e1ximo tribunal tambi\u00e9n dej\u00f3 firme la absoluci\u00f3n por el delito de asociaci\u00f3n il\u00edcita, al desestimar el recurso del Ministerio P\u00fablico por considerarlo \u201cinadmisible\u201d de acuerdo al art\u00edculo 280 del C\u00f3digo Procesal Civil y Comercial.<\/p>\n","protected":false},"excerpt":{"rendered":"<p>La referente de la Coalici&oacute;n C&iacute;vica Elisa Carri&oacute; record&oacute; hoy al periodista Jorge Lanata despu&eacute;s que la Corte Suprema ratificara la condena a seis a&ntilde;os contra la ex presidenta Cristina Fern&aacute;ndez por la causa Vialidad. Hoy me hace falta Jorge. pic.twitter.com\/eWayZuwDRT &mdash; Elisa Lilita Carri&oacute; (@elisacarrio) June 10, 2025 &ldquo;Hoy me hace falta Jorge&rdquo;, manifest&oacute; [&hellip;]<\/p>\n","protected":false},"author":2,"featured_media":13269,"comment_status":"open","ping_status":"open","sticky":false,"template":"","format":"standard","meta":{"footnotes":""},"categories":[5,176],"tags":[3652,518,3622,541],"class_list":["post-13268","post","type-post","status-publish","format-standard","has-post-thumbnail","hentry","category-nacionales","category-politica","tag-condena","tag-cristina-kirchner","tag-elisa-carrio","tag-jorge-lanata"],"_links":{"self":[{"href":"https:\/\/partediario.com.ar\/index.php?rest_route=\/wp\/v2\/posts\/13268","targetHints":{"allow":["GET"]}}],"collection":[{"href":"https:\/\/partediario.com.ar\/index.php?rest_route=\/wp\/v2\/posts"}],"about":[{"href":"https:\/\/partediario.com.ar\/index.php?rest_route=\/wp\/v2\/types\/post"}],"author":[{"embeddable":true,"href":"https:\/\/partediario.com.ar\/index.php?rest_route=\/wp\/v2\/users\/2"}],"replies":[{"embeddable":true,"href":"https:\/\/partediario.com.ar\/index.php?rest_route=%2Fwp%2Fv2%2Fcomments&post=13268"}],"version-history":[{"count":1,"href":"https:\/\/partediario.com.ar\/index.php?rest_route=\/wp\/v2\/posts\/13268\/revisions"}],"predecessor-version":[{"id":13270,"href":"https:\/\/partediario.com.ar\/index.php?rest_route=\/wp\/v2\/posts\/13268\/revisions\/13270"}],"wp:featuredmedia":[{"embeddable":true,"href":"https:\/\/partediario.com.ar\/index.php?rest_route=\/wp\/v2\/media\/13269"}],"wp:attachment":[{"href":"https:\/\/partediario.com.ar\/index.php?rest_route=%2Fwp%2Fv2%2Fmedia&parent=13268"}],"wp:term":[{"taxonomy":"category","embeddable":true,"href":"https:\/\/partediario.com.ar\/index.php?rest_route=%2Fwp%2Fv2%2Fcategories&post=13268"},{"taxonomy":"post_tag","embeddable":true,"href":"https:\/\/partediario.com.ar\/index.php?rest_route=%2Fwp%2Fv2%2Ftags&post=13268"}],"curies":[{"name":"wp","href":"https:\/\/api.w.org\/{rel}","templated":true}]}}