{"id":13271,"date":"2025-06-10T20:30:19","date_gmt":"2025-06-10T23:30:19","guid":{"rendered":"https:\/\/partediario.com.ar\/?p=13271"},"modified":"2025-06-11T17:15:31","modified_gmt":"2025-06-11T20:15:31","slug":"fallo-contra-cristina-kirchner-la-militancia-tiene-que-impedir-que-la-detengan-senalo-gomez-alcorta","status":"publish","type":"post","link":"https:\/\/partediario.com.ar\/?p=13271","title":{"rendered":"Fallo contra Cristina Kirchner: \u00abLa militancia tiene que impedir que la detengan\u00bb, se\u00f1al\u00f3 G\u00f3mez Alcorta"},"content":{"rendered":"\n<h2 class=\"wp-block-heading\">La ex ministra de Mujeres, G\u00e9neros y Diversidades, Elizabeth G\u00f3mez Alcorta, inst\u00f3 hoy a la militancia peronista a \u201cevitar que detengan\u201d a la ex presidenta Cristina Kirchner.<\/h2>\n\n\n\n<p>\u201cImpedir que la detengan\u201d, destac\u00f3 la dirigente del Movimiento Derecho al Futuro a la pregunta de la NA sobre qu\u00e9 debe hacer la militancia en esta coyuntura cr\u00edtica que atraviesa su principal l\u00edder.<\/p>\n\n\n\n<p>\u201cLa historia argentina tambi\u00e9n estuvo vinculada a detenciones. Yo no soy peronista, no soy kirchnerista, conozco mucho de la historia y el pa\u00eds nuestro. Yo que vengo de clase baja, mi vida no hubiese sido la misma sin un Per\u00f3n, sin un 17 de octubre\u201d, asegur\u00f3.<\/p>\n\n\n\n<p>\u201cSi hay m\u00fasculo suficiente en el campo nacional y popular para impedirlo, lo sabremos\u201d, a\u00f1adi\u00f3 la ex funcionaria del Gobierno del Frente de Todos, quien actualmente forma parte de las filas del kicillofismo.<\/p>\n","protected":false},"excerpt":{"rendered":"<p>La ex ministra de Mujeres, G&eacute;neros y Diversidades, Elizabeth G&oacute;mez Alcorta, inst&oacute; hoy a la militancia peronista a &ldquo;evitar que detengan&rdquo; a la ex presidenta Cristina Kirchner. &ldquo;Impedir que la detengan&rdquo;, destac&oacute; la dirigente del Movimiento Derecho al Futuro a la pregunta de la NA sobre qu&eacute; debe hacer la militancia en esta coyuntura cr&iacute;tica [&hellip;]<\/p>\n","protected":false},"author":2,"featured_media":13272,"comment_status":"open","ping_status":"open","sticky":false,"template":"","format":"standard","meta":{"footnotes":""},"categories":[979,5,176],"tags":[6106,518,6142,1893],"class_list":["post-13271","post","type-post","status-publish","format-standard","has-post-thumbnail","hentry","category-judiciales","category-nacionales","category-politica","tag-corte-suprema-justicia","tag-cristina-kirchner","tag-elizabeth-gomez-alcorta","tag-fallo"],"_links":{"self":[{"href":"https:\/\/partediario.com.ar\/index.php?rest_route=\/wp\/v2\/posts\/13271","targetHints":{"allow":["GET"]}}],"collection":[{"href":"https:\/\/partediario.com.ar\/index.php?rest_route=\/wp\/v2\/posts"}],"about":[{"href":"https:\/\/partediario.com.ar\/index.php?rest_route=\/wp\/v2\/types\/post"}],"author":[{"embeddable":true,"href":"https:\/\/partediario.com.ar\/index.php?rest_route=\/wp\/v2\/users\/2"}],"replies":[{"embeddable":true,"href":"https:\/\/partediario.com.ar\/index.php?rest_route=%2Fwp%2Fv2%2Fcomments&post=13271"}],"version-history":[{"count":1,"href":"https:\/\/partediario.com.ar\/index.php?rest_route=\/wp\/v2\/posts\/13271\/revisions"}],"predecessor-version":[{"id":13273,"href":"https:\/\/partediario.com.ar\/index.php?rest_route=\/wp\/v2\/posts\/13271\/revisions\/13273"}],"wp:featuredmedia":[{"embeddable":true,"href":"https:\/\/partediario.com.ar\/index.php?rest_route=\/wp\/v2\/media\/13272"}],"wp:attachment":[{"href":"https:\/\/partediario.com.ar\/index.php?rest_route=%2Fwp%2Fv2%2Fmedia&parent=13271"}],"wp:term":[{"taxonomy":"category","embeddable":true,"href":"https:\/\/partediario.com.ar\/index.php?rest_route=%2Fwp%2Fv2%2Fcategories&post=13271"},{"taxonomy":"post_tag","embeddable":true,"href":"https:\/\/partediario.com.ar\/index.php?rest_route=%2Fwp%2Fv2%2Ftags&post=13271"}],"curies":[{"name":"wp","href":"https:\/\/api.w.org\/{rel}","templated":true}]}}