{"id":13283,"date":"2025-06-11T16:57:34","date_gmt":"2025-06-11T19:57:34","guid":{"rendered":"https:\/\/partediario.com.ar\/?p=13283"},"modified":"2025-06-12T19:30:48","modified_gmt":"2025-06-12T22:30:48","slug":"una-titana-de-la-politica-fue-condenada-a-prision-fue-el-titulo-utilizado-por-el-new-york-times-sobre-cristina-kirchner","status":"publish","type":"post","link":"https:\/\/partediario.com.ar\/?p=13283","title":{"rendered":"\u00abUna titana de la pol\u00edtica fue condenada a prisi\u00f3n\u00bb, fue el t\u00edtulo utilizado por el New York Times sobre Cristina Kirchner"},"content":{"rendered":"\n<h2 class=\"wp-block-heading\">El poderoso diario norteamericano describi\u00f3 a la ex mandataria como una figura dominante durante m\u00e1s de dos d\u00e9cadas en la pol\u00edtica argentina.<\/h2>\n\n\n\n<p>Y fue m\u00e1s all\u00e1 al indicar que el fallo marca el fin oficial de sus aspiraciones pol\u00edticas, en tanto que subray\u00f3 que, \u201caunque no ir\u00e1 a prisi\u00f3n efectiva por su edad, enfrenta consecuencias judiciales tangibles en un pa\u00eds con antecedentes de impunidad\u201d.<\/p>\n\n\n\n<p><\/p>\n\n\n\n<figure class=\"wp-block-image size-large\"><img loading=\"lazy\" decoding=\"async\" width=\"1024\" height=\"661\" src=\"https:\/\/partediario.com.ar\/wp-content\/uploads\/New-York-Times-1024x661.webp\" alt=\"\" class=\"wp-image-13284\" srcset=\"https:\/\/partediario.com.ar\/wp-content\/uploads\/New-York-Times-1024x661.webp 1024w, https:\/\/partediario.com.ar\/wp-content\/uploads\/New-York-Times-300x194.webp 300w, https:\/\/partediario.com.ar\/wp-content\/uploads\/New-York-Times-768x496.webp 768w, https:\/\/partediario.com.ar\/wp-content\/uploads\/New-York-Times.webp 1115w\" sizes=\"auto, (max-width: 1024px) 100vw, 1024px\" \/><\/figure>\n\n\n\n<p><\/p>\n\n\n\n<p>Por su parte, el diario El Pa\u00eds de Espa\u00f1a fue por la misma l\u00ednea cuando titul\u00f3 \u201cUna figura central queda apartada\u201d.<\/p>\n\n\n\n<p>Telesur de Venezuela present\u00f3 hoy los mensajes de solidaridad a la ex mandataria con el t\u00edtulo \u201cCristina Kirchner recibe apoyo de comunidad internacional ante episodio de lawfare judicial\u201d.<\/p>\n\n\n\n<p>La agencia de noticias ANSA se mete de lleno en la pol\u00edtica argentina y expresa \u201cGolpe al peronismo\u201d, para analizar m\u00e1s adelante que el caso no tiene precedentes.<\/p>\n\n\n\n<p>En casi todos los casos, los medios internacionales dan por sentado que la sentencia cierra las puertas a un eventual regreso de Kirchner al poder.<\/p>\n\n\n\n<p>El diario El Pa\u00eds de Uruguay se inclin\u00f3 por presentar el caso como \u201cUna decisi\u00f3n hist\u00f3rica\u201d, mientras que O Globo de Brasil destac\u00f3 que, \u201ca\u00fan hay recursos pendientes en tribunales internacionales\u201d.<\/p>\n\n\n\n<p>La agencia estadounidense Bloomberg se\u00f1al\u00f3 la \u201cprohibici\u00f3n de por vida\u201d impuesta a la ex mandataria para ejercer cargos p\u00fablicos en tanto que la agencia de noticias china Xinhua inform\u00f3 sobriamente del tema, con diferentes cables y actualizaciones minuto a minuto.<\/p>\n","protected":false},"excerpt":{"rendered":"<p>El poderoso diario norteamericano describi&oacute; a la ex mandataria como una figura dominante durante m&aacute;s de dos d&eacute;cadas en la pol&iacute;tica argentina. Y fue m&aacute;s all&aacute; al indicar que el fallo marca el fin oficial de sus aspiraciones pol&iacute;ticas, en tanto que subray&oacute; que, &ldquo;aunque no ir&aacute; a prisi&oacute;n efectiva por su edad, enfrenta consecuencias [&hellip;]<\/p>\n","protected":false},"author":2,"featured_media":13285,"comment_status":"open","ping_status":"open","sticky":false,"template":"","format":"standard","meta":{"footnotes":""},"categories":[9,979,176],"tags":[518,6146],"class_list":["post-13283","post","type-post","status-publish","format-standard","has-post-thumbnail","hentry","category-internacionales","category-judiciales","category-politica","tag-cristina-kirchner","tag-new-york-times"],"_links":{"self":[{"href":"https:\/\/partediario.com.ar\/index.php?rest_route=\/wp\/v2\/posts\/13283","targetHints":{"allow":["GET"]}}],"collection":[{"href":"https:\/\/partediario.com.ar\/index.php?rest_route=\/wp\/v2\/posts"}],"about":[{"href":"https:\/\/partediario.com.ar\/index.php?rest_route=\/wp\/v2\/types\/post"}],"author":[{"embeddable":true,"href":"https:\/\/partediario.com.ar\/index.php?rest_route=\/wp\/v2\/users\/2"}],"replies":[{"embeddable":true,"href":"https:\/\/partediario.com.ar\/index.php?rest_route=%2Fwp%2Fv2%2Fcomments&post=13283"}],"version-history":[{"count":1,"href":"https:\/\/partediario.com.ar\/index.php?rest_route=\/wp\/v2\/posts\/13283\/revisions"}],"predecessor-version":[{"id":13286,"href":"https:\/\/partediario.com.ar\/index.php?rest_route=\/wp\/v2\/posts\/13283\/revisions\/13286"}],"wp:featuredmedia":[{"embeddable":true,"href":"https:\/\/partediario.com.ar\/index.php?rest_route=\/wp\/v2\/media\/13285"}],"wp:attachment":[{"href":"https:\/\/partediario.com.ar\/index.php?rest_route=%2Fwp%2Fv2%2Fmedia&parent=13283"}],"wp:term":[{"taxonomy":"category","embeddable":true,"href":"https:\/\/partediario.com.ar\/index.php?rest_route=%2Fwp%2Fv2%2Fcategories&post=13283"},{"taxonomy":"post_tag","embeddable":true,"href":"https:\/\/partediario.com.ar\/index.php?rest_route=%2Fwp%2Fv2%2Ftags&post=13283"}],"curies":[{"name":"wp","href":"https:\/\/api.w.org\/{rel}","templated":true}]}}