{"id":13290,"date":"2025-06-11T17:06:33","date_gmt":"2025-06-11T20:06:33","guid":{"rendered":"https:\/\/partediario.com.ar\/?p=13290"},"modified":"2025-06-12T19:30:40","modified_gmt":"2025-06-12T22:30:40","slug":"ordenan-que-lazaro-baez-cumpla-condena-en-un-penal","status":"publish","type":"post","link":"https:\/\/partediario.com.ar\/?p=13290","title":{"rendered":"Ordenan que L\u00e1zaro B\u00e1ez cumpla condena en un penal"},"content":{"rendered":"\n<h2 class=\"wp-block-heading\">El Tribunal Oral Federal 4 orden\u00f3 hoy que el due\u00f1o de \u00abAustral Construcciones\u00bb L\u00e1zaro B\u00e1ez sea trasladado de \u00abinmediato\u00bb a una c\u00e1rcel com\u00fan para cumplir su condena por lavado de activos, la cual dej\u00f3 firme la Corte Suprema de Justicia, se\u00f1alaron fuentes judiciales.<\/h2>\n\n\n\n<p>Los jueces N\u00e9stor Costabel, Ricardo Bas\u00edlico y Fernando Canero ordenaron la \u00abinmediata detenci\u00f3n y\/o captura de L\u00e1zaro Antonio B\u00e1ez a efectos del cumplimiento de la pena\u00bb con sentencia firme y su alojamiento \u00aben una unidad dependiente del Servicio Penitenciario Federal\u00bb.<\/p>\n\n\n\n<p>B\u00e1ez, quien ser\u00eda trasladado a un penal federal de R\u00edo Gallegos, se encontraba bajo arresto domiciliario en su casa de Santa Cruz en otra causa penal, adem\u00e1s por lavado de activos vinculada a la compraventa del campo uruguayo El Entrevero.<\/p>\n\n\n\n<p>\u00abSe deber\u00e1n adoptar las medidas necesarias para disponer su alojamiento en la unidad penitenciaria m\u00e1s adecuada a sus condiciones personales y cercana a su lugar de pertenencia, sin que se encuentre demostrada una situaci\u00f3n excepcional que amerite contemplar el caso desde otra perspectiva conforme las consideraciones expuestas\u00bb, finalizaron los jueces.<\/p>\n\n\n\n<p>El pedido de detenci\u00f3n inmediata hab\u00eda sido presentado por el fiscal Abel C\u00f3rdoba luego que la Corte dej\u00f3 firme su condena a diez a\u00f1os de prisi\u00f3n en la \u00abruta del dinero K\u00bb.<\/p>\n\n\n\n<p>La sentencia condenatoria \u00abha pasado en autoridad de cosa juzgada y -consecuentemente- se ha tornado operativo su cumplimiento, de modo que corresponde continuar con el tr\u00e1mite de ejecuci\u00f3n conforme lo precisado\u00bb, dispuso el Tribunal.<\/p>\n\n\n\n<p>Los jueces recordaron que \u00abla ley no prescribe de modo autom\u00e1tico la concesi\u00f3n de la prisi\u00f3n domiciliaria cuando se presenta alguno de los supuestos de hecho del art. 10 del C\u00f3digo Penal o art. 32 de la ley 24.660, sino que -eventualmente- sujeta su viabilidad a la apreciaci\u00f3n judicial previo tr\u00e1mite de la incidencia que se suscite\u00bb.<\/p>\n\n\n\n<p>De acuerdo al c\u00f3mputo elaborado por el Tribunal, B\u00e1ez estuvo con prisi\u00f3n preventiva en esta causa penal tres a\u00f1os, 8 meses y ocho d\u00edas por lo cual resta que cumpla 6 a\u00f1os, tres meses y 22 d\u00edas.<\/p>\n\n\n\n<p>La Corte Suprema confirm\u00f3 adem\u00e1s ayer otra condena a seis a\u00f1os de c\u00e1rcel para B\u00e1ez en la causa Vialidad, en la que fue juzgado junto a la ex presidenta Cristina Kirchner.<\/p>\n","protected":false},"excerpt":{"rendered":"<p>El Tribunal Oral Federal 4 orden&oacute; hoy que el due&ntilde;o de &laquo;Austral Construcciones&raquo; L&aacute;zaro B&aacute;ez sea trasladado de &laquo;inmediato&raquo; a una c&aacute;rcel com&uacute;n para cumplir su condena por lavado de activos, la cual dej&oacute; firme la Corte Suprema de Justicia, se&ntilde;alaron fuentes judiciales. Los jueces N&eacute;stor Costabel, Ricardo Bas&iacute;lico y Fernando Canero ordenaron la &laquo;inmediata [&hellip;]<\/p>\n","protected":false},"author":2,"featured_media":13291,"comment_status":"open","ping_status":"open","sticky":false,"template":"","format":"standard","meta":{"footnotes":""},"categories":[979,5],"tags":[6153,2526],"class_list":["post-13290","post","type-post","status-publish","format-standard","has-post-thumbnail","hentry","category-judiciales","category-nacionales","tag-lazaro-baez","tag-penal"],"_links":{"self":[{"href":"https:\/\/partediario.com.ar\/index.php?rest_route=\/wp\/v2\/posts\/13290","targetHints":{"allow":["GET"]}}],"collection":[{"href":"https:\/\/partediario.com.ar\/index.php?rest_route=\/wp\/v2\/posts"}],"about":[{"href":"https:\/\/partediario.com.ar\/index.php?rest_route=\/wp\/v2\/types\/post"}],"author":[{"embeddable":true,"href":"https:\/\/partediario.com.ar\/index.php?rest_route=\/wp\/v2\/users\/2"}],"replies":[{"embeddable":true,"href":"https:\/\/partediario.com.ar\/index.php?rest_route=%2Fwp%2Fv2%2Fcomments&post=13290"}],"version-history":[{"count":1,"href":"https:\/\/partediario.com.ar\/index.php?rest_route=\/wp\/v2\/posts\/13290\/revisions"}],"predecessor-version":[{"id":13292,"href":"https:\/\/partediario.com.ar\/index.php?rest_route=\/wp\/v2\/posts\/13290\/revisions\/13292"}],"wp:featuredmedia":[{"embeddable":true,"href":"https:\/\/partediario.com.ar\/index.php?rest_route=\/wp\/v2\/media\/13291"}],"wp:attachment":[{"href":"https:\/\/partediario.com.ar\/index.php?rest_route=%2Fwp%2Fv2%2Fmedia&parent=13290"}],"wp:term":[{"taxonomy":"category","embeddable":true,"href":"https:\/\/partediario.com.ar\/index.php?rest_route=%2Fwp%2Fv2%2Fcategories&post=13290"},{"taxonomy":"post_tag","embeddable":true,"href":"https:\/\/partediario.com.ar\/index.php?rest_route=%2Fwp%2Fv2%2Ftags&post=13290"}],"curies":[{"name":"wp","href":"https:\/\/api.w.org\/{rel}","templated":true}]}}