{"id":13293,"date":"2025-06-11T17:13:38","date_gmt":"2025-06-11T20:13:38","guid":{"rendered":"https:\/\/partediario.com.ar\/?p=13293"},"modified":"2025-06-12T19:30:36","modified_gmt":"2025-06-12T22:30:36","slug":"la-condena-contra-cristina-es-persecucion-politica-expreso-andres-rodriguez","status":"publish","type":"post","link":"https:\/\/partediario.com.ar\/?p=13293","title":{"rendered":"La condena contra Cristina es \u201cpersecuci\u00f3n pol\u00edtica\u201d, expres\u00f3 Andr\u00e9s Rodr\u00edguez"},"content":{"rendered":"\n<h2 class=\"wp-block-heading\">El secretario adjunto de la CGT, Andr\u00e9s Rodr\u00edguez, asegur\u00f3 hoy que la condena judicial contra Cristina Kirchner es \u201cuna persecuci\u00f3n pol\u00edtica\u201d y consultado sobre la posibilidad de que se convoque a un paro general afirm\u00f3 que \u201cla CGT no descarta nada\u201d.<\/h2>\n\n\n\n<p>Seg\u00fan Rodr\u00edguez, titular adem\u00e1s del gremio de estatales UPCN, el fallo es \u201cindudablemente una persecuci\u00f3n pol\u00edtica y una eliminaci\u00f3n autoritaria de una candidata, que tiene derecho a presentarse a un cargo y que esto quede supeditado al voto de la gente\u201d.<\/p>\n\n\n\n<p>En declaraciones radiales, el sindicalista advirti\u00f3 que cualquier medida de fuerza que se adopte desde el sector gremial \u201cdebe ser convocada desde el peronismo y coordinadamente\u201d, porque \u00absi cada uno sale por su cuenta no ser\u00e1 efectiva\u201d.<\/p>\n\n\n\n<p>Agreg\u00f3 Se\u00f1al\u00f3 que la postura de la CGT es la que se plasm\u00f3 ayer en el documento que lleva por t\u00edtulo \u201cLa democracia est\u00e1 en peligro\u201d, y evit\u00f3 hacer una relaci\u00f3n entre la situaci\u00f3n generada por el fallo condenatorio de la Corte contra la ex presidenta, y el 17 de octubre de 1945 cuando estuvo encarcelado Juan Domingo Per\u00f3n.<\/p>\n\n\n\n<p>\u00abNo se pueden generar situaciones comparativas con el 17 de octubre de Per\u00f3n. Son \u00e9pocas muy diferentes. No podemos estar generando algo que es imaginario por ahora. Si se produce, se producir\u00e1 naturalmente, porque el 17 de octubre fue una salida muy espont\u00e1nea del pueblo\u201d, afirm\u00f3.<\/p>\n\n\n\n<p>Rodr\u00edguez se\u00f1al\u00f3 que el 17 de octubre \u201cfue en el 45, hay mucha diferencia de \u00e9pocas\u201d, y dijo que si cada sector del peronismo \u201cempieza a tirar este tipo de ideas ninguna dar\u00e1 resultado\u201d, porque deben estar \u201corquestadas en un plan convocado desde el peronismo\u201d.<\/p>\n\n\n\n<p>Sobre la actitud del Gobierno que encabeza Javier Milei, el titular de UPCN consider\u00f3 que \u201ctiene una actitud contradictoria\u201d, en cuanto al fallo de la Corte, porque \u00abespecula en un ambiente electoralista con mucha superficialidad y poco criterio de lo que significa la importancia de la elecci\u00f3n\u201d.<\/p>\n\n\n\n<p>Asever\u00f3 adem\u00e1s que desde el Gobierno se lleva adelante \u201cun ajuste brutal que impacta en la mayor\u00eda de la sociedad\u201d, y a\u00f1adi\u00f3 que \u201cen la dirigencia del peronismo hay una clara cr\u00edtica hacia la actitud de la Justicia de generar el encarcelamiento de la compa\u00f1era\u00bb.<\/p>\n","protected":false},"excerpt":{"rendered":"<p>El secretario adjunto de la CGT, Andr&eacute;s Rodr&iacute;guez, asegur&oacute; hoy que la condena judicial contra Cristina Kirchner es &ldquo;una persecuci&oacute;n pol&iacute;tica&rdquo; y consultado sobre la posibilidad de que se convoque a un paro general afirm&oacute; que &ldquo;la CGT no descarta nada&rdquo;. Seg&uacute;n Rodr&iacute;guez, titular adem&aacute;s del gremio de estatales UPCN, el fallo es &ldquo;indudablemente una [&hellip;]<\/p>\n","protected":false},"author":2,"featured_media":13294,"comment_status":"open","ping_status":"open","sticky":false,"template":"","format":"standard","meta":{"footnotes":""},"categories":[978,5,176],"tags":[6032,226,518,1921],"class_list":["post-13293","post","type-post","status-publish","format-standard","has-post-thumbnail","hentry","category-gremiales","category-nacionales","category-politica","tag-andres-rodriguez","tag-cgt","tag-cristina-kirchner","tag-upcn"],"_links":{"self":[{"href":"https:\/\/partediario.com.ar\/index.php?rest_route=\/wp\/v2\/posts\/13293","targetHints":{"allow":["GET"]}}],"collection":[{"href":"https:\/\/partediario.com.ar\/index.php?rest_route=\/wp\/v2\/posts"}],"about":[{"href":"https:\/\/partediario.com.ar\/index.php?rest_route=\/wp\/v2\/types\/post"}],"author":[{"embeddable":true,"href":"https:\/\/partediario.com.ar\/index.php?rest_route=\/wp\/v2\/users\/2"}],"replies":[{"embeddable":true,"href":"https:\/\/partediario.com.ar\/index.php?rest_route=%2Fwp%2Fv2%2Fcomments&post=13293"}],"version-history":[{"count":1,"href":"https:\/\/partediario.com.ar\/index.php?rest_route=\/wp\/v2\/posts\/13293\/revisions"}],"predecessor-version":[{"id":13295,"href":"https:\/\/partediario.com.ar\/index.php?rest_route=\/wp\/v2\/posts\/13293\/revisions\/13295"}],"wp:featuredmedia":[{"embeddable":true,"href":"https:\/\/partediario.com.ar\/index.php?rest_route=\/wp\/v2\/media\/13294"}],"wp:attachment":[{"href":"https:\/\/partediario.com.ar\/index.php?rest_route=%2Fwp%2Fv2%2Fmedia&parent=13293"}],"wp:term":[{"taxonomy":"category","embeddable":true,"href":"https:\/\/partediario.com.ar\/index.php?rest_route=%2Fwp%2Fv2%2Fcategories&post=13293"},{"taxonomy":"post_tag","embeddable":true,"href":"https:\/\/partediario.com.ar\/index.php?rest_route=%2Fwp%2Fv2%2Ftags&post=13293"}],"curies":[{"name":"wp","href":"https:\/\/api.w.org\/{rel}","templated":true}]}}