{"id":13306,"date":"2025-06-12T19:05:47","date_gmt":"2025-06-12T22:05:47","guid":{"rendered":"https:\/\/partediario.com.ar\/?p=13306"},"modified":"2025-06-13T17:41:26","modified_gmt":"2025-06-13T20:41:26","slug":"nadie-puede-hablar-de-un-fallo-politico-en-la-condena-a-cristina-kirchner-apunto-francos","status":"publish","type":"post","link":"https:\/\/partediario.com.ar\/?p=13306","title":{"rendered":"\u00abNadie puede hablar de un fallo pol\u00edtico\u00bb en la condena a Cristina Kirchner, apunt\u00f3 Francos"},"content":{"rendered":"\n<h2 class=\"wp-block-heading\">El jefe de Gabinete, Guillermo Francos, asegur\u00f3 hoy que la sentencia de la Corte Suprema que ratific\u00f3 la condena contra la ex presidenta Cristina Kirchner, por hechos de corrupci\u00f3n, \u201cha sido la acci\u00f3n libre de una justicia independiente\u201d y asever\u00f3 que \u201cnadie puede hablar de un fallo pol\u00edtico\u201d.<\/h2>\n\n\n\n<p>Francos expres\u00f3 que la ex mandataria deber\u00e1 cumplir su condena \u201ccomo cualquier ciudadano\u201d, y agreg\u00f3 que \u201cnadie puede hablar de un fallo pol\u00edtico porque la mayor\u00eda de los jueces que intervinieron\u00bb en la denominada \u2018Causa Vialidad\u2019 fueron \u201cdesignados por el kirchnerismo en sus distintas etapas\u201d.<\/p>\n\n\n\n<p>En declaraciones radiales el funcionario se\u00f1al\u00f3 que para el Gobierno el fallo \u201cno genera incomodidad, pero es conmocionante, nadie se alegra, porque pone a la Argentina otra vez en las tapas de diarios del mundo por un hecho negativo como una Presidenta condenada por hechos de corrupci\u00f3n\u201d.<\/p>\n\n\n\n<p>\u201cEs una justicia independiente que despu\u00e9s de muchos a\u00f1os tom\u00f3 la decisi\u00f3n de condenar un hecho de corrupci\u00f3n, que ha sido juzgado en todas las instancias, y ha habido un juicio oral y una acusaci\u00f3n del fiscal (Diego) Luciani que fue muy contundente\u201d, destac\u00f3.<\/p>\n\n\n\n<p>Para el jefe de Gabinete el fallo es \u201cuna sentencia a la que llega un tribunal que analiz\u00f3 los hechos y estableci\u00f3 una condena acorde\u201d, y que \u201ctiene todos los fundamentos, pese a que se diga lo contrario\u201d.<\/p>\n\n\n\n<p>Adem\u00e1s, dijo aguardar \u00abque no se monte un show\u00bb cuando se haga efectiva la detenci\u00f3n de la ex mandataria, \u00abde ning\u00fan lado, m\u00e1s all\u00e1 de algunos episodios que han sucedido en los \u00faltimos d\u00edas, porque yo entiendo el afecto que hay entre sus seguidores, que son cada vez menos pero los tiene, pero qu\u00e9 no crucen l\u00edmites\u00bb, mencion\u00f3.<\/p>\n\n\n\n<p>Consultado sobre si la detenci\u00f3n de Cristina Kirchner perjudica o beneficia al Gobierno de cara a las elecciones legislativas de este a\u00f1o, Francos dijo que \u201cse han hecho muchas especulaciones, se habl\u00f3 de un acuerdo de impunidad, y finalmente se demostr\u00f3 que todo era falso\u201d.<\/p>\n\n\n\n<p>\u201cNosotros estamos dispuestos a competir con quien sea, del justicialismo o de cualquier otro sector, no tenemos ning\u00fan problema con eso, somos un partido democr\u00e1tico y queremos someter al pueblo nuestra propuesta\u201d, indic\u00f3 haciendo referencia a la prohibici\u00f3n para que la ex mandataria sea candidata.<\/p>\n\n\n\n<p>El funcionario se\u00f1al\u00f3 que desde La Libertad Avanza buscar\u00e1n tener \u201cm\u00e1s diputados para poder llevar adelante las pol\u00edticas del Gobierno mucho m\u00e1s f\u00e1cil de lo que lo hicimos hasta ahora\u201d, y resalt\u00f3 que finalmente \u201cel pueblo es el que decide\u201d.<\/p>\n\n\n\n<p>\u201cEstoy convencido que nos va a ir bien en las elecciones de octubre\u201d, apunt\u00f3 y remarc\u00f3 que la ciudadan\u00eda reconoce el cambio \u201cde la situaci\u00f3n en la que est\u00e1bamos cuando asumimos el Gobierno a la de hoy, porque hay una diferencia enorme, hay reglas de juego claras, la gente tiene previsibilidad\u201d.<\/p>\n\n\n\n<p>Record\u00f3 que hasta 2023 \u201chab\u00eda un gasto del Estado que se hac\u00eda a trav\u00e9s de la emisi\u00f3n monetaria, el endeudamiento y el proceso inflacionario y por eso llegamos a los niveles de deuda que se ten\u00eda\u201d.<\/p>\n\n\n\n<p>\u201cHoy tenemos proyectos de inversi\u00f3n por m\u00e1s de 13.000 millones de d\u00f3lares a trav\u00e9s del RIGI (R\u00e9gimen de Incentivo a Grandes Inversiones) y hay resultados del Gobierno que son reconocidos en todo el mundo. La econom\u00eda est\u00e1 creciendo a un ritmo del 8 por ciento tal vez en el a\u00f1o termine en un 6 por ciento\u201d, destac\u00f3.<\/p>\n\n\n\n<p>Consultado sobre el incidente que protagoniz\u00f3 el diputado Jos\u00e9 Luis Espert durante la Cumbre \u201cCongreso BA\u201d de Comunicaci\u00f3n Pol\u00edtica de la UCA, explic\u00f3 : \u201cTal vez Jos\u00e9 Luis, que tiene una verba enfervorizada, no se dio cuenta que estaba exacerbando la situaci\u00f3n\u00bb, concluy\u00f3.<\/p>\n","protected":false},"excerpt":{"rendered":"<p>El jefe de Gabinete, Guillermo Francos, asegur&oacute; hoy que la sentencia de la Corte Suprema que ratific&oacute; la condena contra la ex presidenta Cristina Kirchner, por hechos de corrupci&oacute;n, &ldquo;ha sido la acci&oacute;n libre de una justicia independiente&rdquo; y asever&oacute; que &ldquo;nadie puede hablar de un fallo pol&iacute;tico&rdquo;. Francos expres&oacute; que la ex mandataria deber&aacute; [&hellip;]<\/p>\n","protected":false},"author":2,"featured_media":13307,"comment_status":"open","ping_status":"open","sticky":false,"template":"","format":"standard","meta":{"footnotes":""},"categories":[5,176],"tags":[6154,518,329,232,266],"class_list":["post-13306","post","type-post","status-publish","format-standard","has-post-thumbnail","hentry","category-nacionales","category-politica","tag-condenac","tag-cristina-kirchner","tag-guillermo-francos","tag-javier-milei","tag-libertad-avanza"],"_links":{"self":[{"href":"https:\/\/partediario.com.ar\/index.php?rest_route=\/wp\/v2\/posts\/13306","targetHints":{"allow":["GET"]}}],"collection":[{"href":"https:\/\/partediario.com.ar\/index.php?rest_route=\/wp\/v2\/posts"}],"about":[{"href":"https:\/\/partediario.com.ar\/index.php?rest_route=\/wp\/v2\/types\/post"}],"author":[{"embeddable":true,"href":"https:\/\/partediario.com.ar\/index.php?rest_route=\/wp\/v2\/users\/2"}],"replies":[{"embeddable":true,"href":"https:\/\/partediario.com.ar\/index.php?rest_route=%2Fwp%2Fv2%2Fcomments&post=13306"}],"version-history":[{"count":1,"href":"https:\/\/partediario.com.ar\/index.php?rest_route=\/wp\/v2\/posts\/13306\/revisions"}],"predecessor-version":[{"id":13308,"href":"https:\/\/partediario.com.ar\/index.php?rest_route=\/wp\/v2\/posts\/13306\/revisions\/13308"}],"wp:featuredmedia":[{"embeddable":true,"href":"https:\/\/partediario.com.ar\/index.php?rest_route=\/wp\/v2\/media\/13307"}],"wp:attachment":[{"href":"https:\/\/partediario.com.ar\/index.php?rest_route=%2Fwp%2Fv2%2Fmedia&parent=13306"}],"wp:term":[{"taxonomy":"category","embeddable":true,"href":"https:\/\/partediario.com.ar\/index.php?rest_route=%2Fwp%2Fv2%2Fcategories&post=13306"},{"taxonomy":"post_tag","embeddable":true,"href":"https:\/\/partediario.com.ar\/index.php?rest_route=%2Fwp%2Fv2%2Ftags&post=13306"}],"curies":[{"name":"wp","href":"https:\/\/api.w.org\/{rel}","templated":true}]}}