{"id":13325,"date":"2025-06-13T17:25:50","date_gmt":"2025-06-13T20:25:50","guid":{"rendered":"https:\/\/partediario.com.ar\/?p=13325"},"modified":"2025-06-15T11:33:46","modified_gmt":"2025-06-15T14:33:46","slug":"jueces-federales-repudian-las-amenazas-vertidas-contra-rosatti-y-piden-defender-la-vida-institucional","status":"publish","type":"post","link":"https:\/\/partediario.com.ar\/?p=13325","title":{"rendered":"Jueces federales repudian las amenazas vertidas contra Rosatti y piden defender la vida institucional"},"content":{"rendered":"\n<h2 class=\"wp-block-heading\">La Junta de Presidentes de las C\u00e1maras Nacionales y Federales de la Rep\u00fablica Argentina manifest\u00f3 este viernes su \u201cm\u00e1s en\u00e9rgico repudio\u201d y \u201cextrema preocupaci\u00f3n\u201d por las amenazas dirigidas en contra del presidente de la Corte Suprema de Justicia, Horacio Rosatti, en un contexto de \u201cviolencia institucional\u201d.<\/h2>\n\n\n\n<p>A trav\u00e9s de un comunicado, los integrantes de la Junta advirtieron que los hechos atentan contra \u201cla normal vida democr\u00e1tica, la independencia del Poder Judicial de la Naci\u00f3n y la integridad del sistema republicano de gobierno\u201d.<\/p>\n\n\n\n<p>\u201cConvencidos de que no es posible a trav\u00e9s de la violencia y la intolerancia alcanzar la unidad nacional y el progreso de todos los argentinos, instamos a promover la cultura de la paz, salvaguardando los valores de la democracia, la divisi\u00f3n de poderes y la libertad\u201d, expresaron los magistrados.<\/p>\n\n\n\n<p>Y subrayaron adem\u00e1s su \u201cinclaudicable compromiso para trabajar por la justicia y la seguridad jur\u00eddica\u201d, y llamaron a una \u201cseria reflexi\u00f3n\u201d de todos los actores institucionales a fin de prevenir nuevos episodios de esta \u00edndole.<\/p>\n\n\n\n<p>\u201cA quienes apelamos, les pedimos que desde una \u00e9tica profunda eviten que estos sucesos se repitan y recrudezcan, da\u00f1ando seriamente la vida institucional del pa\u00eds\u201d, finaliza el texto.<\/p>\n","protected":false},"excerpt":{"rendered":"<p>La Junta de Presidentes de las C&aacute;maras Nacionales y Federales de la Rep&uacute;blica Argentina manifest&oacute; este viernes su &ldquo;m&aacute;s en&eacute;rgico repudio&rdquo; y &ldquo;extrema preocupaci&oacute;n&rdquo; por las amenazas dirigidas en contra del presidente de la Corte Suprema de Justicia, Horacio Rosatti, en un contexto de &ldquo;violencia institucional&rdquo;. A trav&eacute;s de un comunicado, los integrantes de la [&hellip;]<\/p>\n","protected":false},"author":2,"featured_media":13326,"comment_status":"open","ping_status":"open","sticky":false,"template":"","format":"standard","meta":{"footnotes":""},"categories":[979,5,176],"tags":[3449,6160,5464,5480,6161],"class_list":["post-13325","post","type-post","status-publish","format-standard","has-post-thumbnail","hentry","category-judiciales","category-nacionales","category-politica","tag-amenazas","tag-federales","tag-horacio-rosatti","tag-jueces","tag-repudio"],"_links":{"self":[{"href":"https:\/\/partediario.com.ar\/index.php?rest_route=\/wp\/v2\/posts\/13325","targetHints":{"allow":["GET"]}}],"collection":[{"href":"https:\/\/partediario.com.ar\/index.php?rest_route=\/wp\/v2\/posts"}],"about":[{"href":"https:\/\/partediario.com.ar\/index.php?rest_route=\/wp\/v2\/types\/post"}],"author":[{"embeddable":true,"href":"https:\/\/partediario.com.ar\/index.php?rest_route=\/wp\/v2\/users\/2"}],"replies":[{"embeddable":true,"href":"https:\/\/partediario.com.ar\/index.php?rest_route=%2Fwp%2Fv2%2Fcomments&post=13325"}],"version-history":[{"count":1,"href":"https:\/\/partediario.com.ar\/index.php?rest_route=\/wp\/v2\/posts\/13325\/revisions"}],"predecessor-version":[{"id":13327,"href":"https:\/\/partediario.com.ar\/index.php?rest_route=\/wp\/v2\/posts\/13325\/revisions\/13327"}],"wp:featuredmedia":[{"embeddable":true,"href":"https:\/\/partediario.com.ar\/index.php?rest_route=\/wp\/v2\/media\/13326"}],"wp:attachment":[{"href":"https:\/\/partediario.com.ar\/index.php?rest_route=%2Fwp%2Fv2%2Fmedia&parent=13325"}],"wp:term":[{"taxonomy":"category","embeddable":true,"href":"https:\/\/partediario.com.ar\/index.php?rest_route=%2Fwp%2Fv2%2Fcategories&post=13325"},{"taxonomy":"post_tag","embeddable":true,"href":"https:\/\/partediario.com.ar\/index.php?rest_route=%2Fwp%2Fv2%2Ftags&post=13325"}],"curies":[{"name":"wp","href":"https:\/\/api.w.org\/{rel}","templated":true}]}}