{"id":13331,"date":"2025-06-13T17:40:38","date_gmt":"2025-06-13T20:40:38","guid":{"rendered":"https:\/\/partediario.com.ar\/?p=13331"},"modified":"2025-06-15T11:33:39","modified_gmt":"2025-06-15T14:33:39","slug":"sobre-la-orden-de-prision-para-cristina-kirchner-es-un-fallo-netamente-politico-expreso-baltasar-garzon","status":"publish","type":"post","link":"https:\/\/partediario.com.ar\/?p=13331","title":{"rendered":"Sobre la orden de prisi\u00f3n para Cristina Kirchner: \u00abEs un fallo netamente pol\u00edtico\u00bb, expres\u00f3 Baltasar Garz\u00f3n"},"content":{"rendered":"\n<h2 class=\"wp-block-heading\">El ex juez espa\u00f1ol Baltasar Garz\u00f3n se\u00f1al\u00f3 hoy que el fallo de la Corte Suprema que dej\u00f3 firme la condena a prisi\u00f3n de la ex presidenta Cristina Kirchner es \u201cnetamente pol\u00edtico\u201d que \u201chace gala de una parcialidad tremenda\u201d.<\/h2>\n\n\n\n<p>En declaraciones radiales se\u00f1al\u00f3, que se trata de un \u201cfallo netamente pol\u00edtico\u201d, con \u201cpoca profundidad\u201d y parece \u00abun escrito de parte m\u00e1s que de un organismo judicial independiente\u201d.<\/p>\n\n\n\n<p>Para el ex magistrado espa\u00f1ol \u201ces un momento muy triste para la democracia y los Derechos Humanos\u201d.<\/p>\n\n\n\n<p>En apoyo a la ex presidenta, Garz\u00f3n indic\u00f3 que \u201ccuando tomas una posici\u00f3n de defensa a los DDHH te arriesgas a quienes no est\u00e1n en es alinea te persigan\u201d.<\/p>\n\n\n\n<p>\u201cHay que seguir la lucha y apoyar a Cristina Fern\u00e1ndez de Kirchner\u201d, propuso el ex magistrado, quien considera infundada e injusta la condena a la l\u00edder opositora y actual presidenta del Partido Justicialista.<\/p>\n\n\n\n<p>Seg\u00fan Garz\u00f3n, \u201ces muy triste que el Poder Judicial haga gala de una parcialidad tremenda\u201d<\/p>\n\n\n\n<p>En este sentido, Garz\u00f3n opin\u00f3 que \u201chay una intencionalidad pol\u00edtica de acabar con la l\u00edder de la oposici\u00f3n\u201d.<\/p>\n\n\n\n<p>Sobre la reacci\u00f3n popular del peronismo y de otras fuerzas pol\u00edticas, de los movimientos sociales, del sindicalismo y de ciudadanos independientes en resistencia al fallo de la Corte y en defensa de Cristina Kirchner, se limit\u00f3 a decir que \u201chan despertado a un gigante\u201d.<\/p>\n","protected":false},"excerpt":{"rendered":"<p>El ex juez espa&ntilde;ol Baltasar Garz&oacute;n se&ntilde;al&oacute; hoy que el fallo de la Corte Suprema que dej&oacute; firme la condena a prisi&oacute;n de la ex presidenta Cristina Kirchner es &ldquo;netamente pol&iacute;tico&rdquo; que &ldquo;hace gala de una parcialidad tremenda&rdquo;. En declaraciones radiales se&ntilde;al&oacute;, que se trata de un &ldquo;fallo netamente pol&iacute;tico&rdquo;, con &ldquo;poca profundidad&rdquo; y parece [&hellip;]<\/p>\n","protected":false},"author":2,"featured_media":13332,"comment_status":"open","ping_status":"open","sticky":false,"template":"","format":"standard","meta":{"footnotes":""},"categories":[5,176],"tags":[6164,518,1893,666],"class_list":["post-13331","post","type-post","status-publish","format-standard","has-post-thumbnail","hentry","category-nacionales","category-politica","tag-baltasar-garzon","tag-cristina-kirchner","tag-fallo","tag-politico"],"_links":{"self":[{"href":"https:\/\/partediario.com.ar\/index.php?rest_route=\/wp\/v2\/posts\/13331","targetHints":{"allow":["GET"]}}],"collection":[{"href":"https:\/\/partediario.com.ar\/index.php?rest_route=\/wp\/v2\/posts"}],"about":[{"href":"https:\/\/partediario.com.ar\/index.php?rest_route=\/wp\/v2\/types\/post"}],"author":[{"embeddable":true,"href":"https:\/\/partediario.com.ar\/index.php?rest_route=\/wp\/v2\/users\/2"}],"replies":[{"embeddable":true,"href":"https:\/\/partediario.com.ar\/index.php?rest_route=%2Fwp%2Fv2%2Fcomments&post=13331"}],"version-history":[{"count":1,"href":"https:\/\/partediario.com.ar\/index.php?rest_route=\/wp\/v2\/posts\/13331\/revisions"}],"predecessor-version":[{"id":13333,"href":"https:\/\/partediario.com.ar\/index.php?rest_route=\/wp\/v2\/posts\/13331\/revisions\/13333"}],"wp:featuredmedia":[{"embeddable":true,"href":"https:\/\/partediario.com.ar\/index.php?rest_route=\/wp\/v2\/media\/13332"}],"wp:attachment":[{"href":"https:\/\/partediario.com.ar\/index.php?rest_route=%2Fwp%2Fv2%2Fmedia&parent=13331"}],"wp:term":[{"taxonomy":"category","embeddable":true,"href":"https:\/\/partediario.com.ar\/index.php?rest_route=%2Fwp%2Fv2%2Fcategories&post=13331"},{"taxonomy":"post_tag","embeddable":true,"href":"https:\/\/partediario.com.ar\/index.php?rest_route=%2Fwp%2Fv2%2Ftags&post=13331"}],"curies":[{"name":"wp","href":"https:\/\/api.w.org\/{rel}","templated":true}]}}