{"id":13341,"date":"2025-06-15T11:21:06","date_gmt":"2025-06-15T14:21:06","guid":{"rendered":"https:\/\/partediario.com.ar\/?p=13341"},"modified":"2025-06-21T18:45:04","modified_gmt":"2025-06-21T21:45:04","slug":"sobre-la-condena-a-cristina-el-sistema-funciono-su-ambicion-de-la-historia-se-cumplio-de-otra-forma-senalo-macri","status":"publish","type":"post","link":"https:\/\/partediario.com.ar\/?p=13341","title":{"rendered":"Sobre la condena a Cristina: \u00abEl sistema funcion\u00f3, su ambici\u00f3n de la historia se cumpli\u00f3 de otra forma\u00bb, se\u00f1al\u00f3 Macri"},"content":{"rendered":"\n<h2 class=\"wp-block-heading\">Mauricio Macri, expresidente de la Naci\u00f3n, poste\u00f3 hoy en su cuenta de X un mensaje donde hizo referencia a la ratificaci\u00f3n de la condena de Cristina Kirchner. En su publicaci\u00f3n, Macri indic\u00f3 que con esta decisi\u00f3n judicial \u00abtermina un proceso judicial que comenz\u00f3 hace 17 a\u00f1os\u00bb.<\/h2>\n\n\n\n<p>El exmandatario subray\u00f3 que la expresidenta fue \u00abjuzgada y condenada dos veces, con incontables pruebas en su contra\u00bb, e indic\u00f3 que la causa \u00abtuvo que llegar a la Corte Suprema para que finalmente tuviera un efecto material sobre su libertad\u00bb.<\/p>\n\n\n\n<p>Macri hizo alusi\u00f3n adem\u00e1s a las reacciones que siguieron a la noticia de la condena. Mencion\u00f3 que, a ra\u00edz de la \u00abinminente detenci\u00f3n de la ex presidenta, durante la semana se escucharon declaraciones de dirigentes del kirchnerismo y del peronismo con graves advertencias al sistema democr\u00e1tico, amenazas a la vida de personas y llamados a la acci\u00f3n indirectos y directos para terminar con el actual gobierno\u00bb.<\/p>\n\n\n\n<p><\/p>\n\n\n\n<blockquote class=\"twitter-tweet\"><p lang=\"es\" dir=\"ltr\">Con la ratificaci\u00f3n de la condena de Cristina Kirchner termina un proceso judicial que comenz\u00f3 hace 17 a\u00f1os. Juzgada y condenada dos veces, con incontables pruebas en su contra, la causa tuvo que llegar a la Corte Suprema para que finalmente tuviera un efecto material sobre su\u2026<\/p>&mdash; Mauricio Macri (@mauriciomacri) <a href=\"https:\/\/twitter.com\/mauriciomacri\/status\/1934239203295895813?ref_src=twsrc%5Etfw\">June 15, 2025<\/a><\/blockquote> <script async src=\"https:\/\/platform.twitter.com\/widgets.js\" charset=\"utf-8\"><\/script>\n\n\n\n<p><\/p>\n\n\n\n<p>En su publicaci\u00f3n, el expresidente describi\u00f3 escenas de tensi\u00f3n que se vivieron en los \u00faltimos d\u00edas, \u00abTambi\u00e9n vimos a una turba -en la que particip\u00f3 un exfuncionario del gobierno kirchnerista, n\u00famero dos de Wado de Pedro- atacar las instalaciones de TN con ferocidad. El frente de Radio Rivadavia apareci\u00f3 con pintadas amenazantes, como antes hab\u00eda pasado con el canal de streaming OLGA\u00bb. Adem\u00e1s, referenci\u00f3 al \u00abgrupo de seguidores que se instal\u00f3 frente a la residencia de la expresidenta, aguardando sus salidas peri\u00f3dicas\u00bb.<\/p>\n\n\n\n<p>Para Macri, este conjunto de situaciones, que de acuerdo a sus dichos \u00abir\u00e1 deshaci\u00e9ndose con el correr de los d\u00edas\u00bb, \u00abnos trae los peores recuerdos y nos advierte que vivimos en un pa\u00eds muy fr\u00e1gil, con una parte de su dirigencia que desde\u00f1a la democracia, la ley y la verdad\u00bb.<\/p>\n\n\n\n<p>No obstante, Micri encontr\u00f3 un aspecto positivo en la situaci\u00f3n: \u00abLo \u00fanico rescatable de la triste detenci\u00f3n de la expresidenta es la confirmaci\u00f3n de que el sistema funcion\u00f3\u00bb. Reflexion\u00f3 sobre el funcionamiento de la justicia, indicando que \u00abla rueda de la justicia puede ser lenta e irregular, pero no deja de avanzar\u00bb.<\/p>\n\n\n\n<p>Finalmente, Macri se\u00f1al\u00f3 que, a pesar de los intentos de Cristina Kirchner por frenar su causa, \u00abel cap\u00edtulo final de esta trama la alcanz\u00f3\u00bb. Concluy\u00f3 su mensaje afirmando que \u00abla ambici\u00f3n que siempre tuvo Cristina Kirchner de quedar en los libros de historia fue cumplida, de una manera distinta a la que pretend\u00eda, pero cumplida al fin\u00bb, concluy\u00f3.<\/p>\n","protected":false},"excerpt":{"rendered":"<p>Mauricio Macri, expresidente de la Naci&oacute;n, poste&oacute; hoy en su cuenta de X un mensaje donde hizo referencia a la ratificaci&oacute;n de la condena de Cristina Kirchner. En su publicaci&oacute;n, Macri indic&oacute; que con esta decisi&oacute;n judicial &laquo;termina un proceso judicial que comenz&oacute; hace 17 a&ntilde;os&raquo;. El exmandatario subray&oacute; que la expresidenta fue &laquo;juzgada y [&hellip;]<\/p>\n","protected":false},"author":2,"featured_media":13342,"comment_status":"open","ping_status":"open","sticky":false,"template":"","format":"standard","meta":{"footnotes":""},"categories":[5,176],"tags":[518,1101],"class_list":["post-13341","post","type-post","status-publish","format-standard","has-post-thumbnail","hentry","category-nacionales","category-politica","tag-cristina-kirchner","tag-mauricio-macri"],"_links":{"self":[{"href":"https:\/\/partediario.com.ar\/index.php?rest_route=\/wp\/v2\/posts\/13341","targetHints":{"allow":["GET"]}}],"collection":[{"href":"https:\/\/partediario.com.ar\/index.php?rest_route=\/wp\/v2\/posts"}],"about":[{"href":"https:\/\/partediario.com.ar\/index.php?rest_route=\/wp\/v2\/types\/post"}],"author":[{"embeddable":true,"href":"https:\/\/partediario.com.ar\/index.php?rest_route=\/wp\/v2\/users\/2"}],"replies":[{"embeddable":true,"href":"https:\/\/partediario.com.ar\/index.php?rest_route=%2Fwp%2Fv2%2Fcomments&post=13341"}],"version-history":[{"count":1,"href":"https:\/\/partediario.com.ar\/index.php?rest_route=\/wp\/v2\/posts\/13341\/revisions"}],"predecessor-version":[{"id":13343,"href":"https:\/\/partediario.com.ar\/index.php?rest_route=\/wp\/v2\/posts\/13341\/revisions\/13343"}],"wp:featuredmedia":[{"embeddable":true,"href":"https:\/\/partediario.com.ar\/index.php?rest_route=\/wp\/v2\/media\/13342"}],"wp:attachment":[{"href":"https:\/\/partediario.com.ar\/index.php?rest_route=%2Fwp%2Fv2%2Fmedia&parent=13341"}],"wp:term":[{"taxonomy":"category","embeddable":true,"href":"https:\/\/partediario.com.ar\/index.php?rest_route=%2Fwp%2Fv2%2Fcategories&post=13341"},{"taxonomy":"post_tag","embeddable":true,"href":"https:\/\/partediario.com.ar\/index.php?rest_route=%2Fwp%2Fv2%2Ftags&post=13341"}],"curies":[{"name":"wp","href":"https:\/\/api.w.org\/{rel}","templated":true}]}}