{"id":13344,"date":"2025-06-15T11:26:44","date_gmt":"2025-06-15T14:26:44","guid":{"rendered":"https:\/\/partediario.com.ar\/?p=13344"},"modified":"2025-06-21T18:45:00","modified_gmt":"2025-06-21T21:45:00","slug":"el-papa-leon-xiv-clamo-por-la-paz-mundial-y-pidio-dialogo-en-los-multiples-conflictos-que-se-desarrollan","status":"publish","type":"post","link":"https:\/\/partediario.com.ar\/?p=13344","title":{"rendered":"El papa Le\u00f3n XIV clam\u00f3 por la paz mundial y pidi\u00f3 di\u00e1logo en los m\u00faltiples conflictos que se desarrollan"},"content":{"rendered":"\n<h2 class=\"wp-block-heading\">El papa Le\u00f3n XIV, durante el rezo del \u00c1ngelus en la Plaza de San Pedro, realiz\u00f3 un fuerte llamado a la paz mundial, con especial \u00e9nfasis en Oriente Medio, Ucrania y otras regiones azotadas por graves conflictos.<\/h2>\n\n\n\n<p>Ante miles de fieles reunidos a pesar del calor estival, el Pont\u00edfice remarc\u00f3 la necesidad de construir caminos hacia la paz, se\u00f1alando al deporte como una \u00abescuela de respeto y lealtad que hace crecer la cultura del encuentro y de la fraternidad\u00bb, y un estilo de vida que debe oponerse a \u00abtoda forma de violencia y opresi\u00f3n\u00bb.<\/p>\n\n\n\n<p>En su habitual \u00c1ngelus, el Santo Padre manifest\u00f3 su preocupaci\u00f3n por la situaci\u00f3n en Myanmar, donde a pesar del alto el fuego, persisten los combates que han afectado incluso infraestructuras civiles. \u00abHago un llamamiento a todas las partes para que emprendan el camino del di\u00e1logo inclusivo, el \u00fanico que puede conducir a una soluci\u00f3n pac\u00edfica y estable\u00bb, asegur\u00f3 el Papa.<\/p>\n\n\n\n<p>Adem\u00e1s, Le\u00f3n XIV jizo referencia a la \u00abterrible masacre\u00bb ocurrida en Nigeria en la noche del 13 al 14 de junio, en la localidad de Yelwata, en el Estado de Benue. Record\u00f3 que unas 200 personas fueron asesinadas \u00abcon extrema crueldad\u00bb, la mayor\u00eda de ellas desplazados internos acogidos por la misi\u00f3n cat\u00f3lica local. \u00abRezo para que la seguridad, la justicia y la paz prevalezcan en Nigeria, un pa\u00eds amado y tan afectado por diversas formas de violencia. Y rezo de manera especial por las comunidades cristianas rurales del Estado de Benue, que han sido incesantemente v\u00edctimas de la violencia\u00bb, expres\u00f3.<\/p>\n\n\n\n<p>El Pont\u00edfice tambi\u00e9n hizo manifesta su preocupaci\u00f3n por la Rep\u00fablica de Sud\u00e1n, \u00abdevastada por la violencia desde hace m\u00e1s de dos a\u00f1os\u00bb, y lament\u00f3 la muerte del P. Luke Jumu, p\u00e1rroco de El Fasher, v\u00edctima de un bombardeo. \u00abAl tiempo que aseguro mis oraciones por \u00e9l y por todas las v\u00edctimas, renuevo mi llamamiento a los combatientes para que se detengan, protejan a los civiles y entablen un di\u00e1logo por la paz\u00bb, destac\u00f3.<\/p>\n\n\n\n<p>Inst\u00f3 a la comunidad internacional a \u00abintensificar sus esfuerzos para proporcionar al menos la asistencia esencial a la poblaci\u00f3n, gravemente afectada por la grave crisis humanitaria\u00bb. Concluy\u00f3 esta parte de su mensaje con un llamado global: \u00abSigamos rezando por la paz en Oriente Medio, en Ucrania y en todo el mundo\u00bb.<\/p>\n\n\n\n<p>Sobre el final, el papa Le\u00f3n XIV record\u00f3 la beatificaci\u00f3n de Floribert Bwana Chui, joven m\u00e1rtir congole\u00f1o, que se llevar\u00eda a cabo esa misma tarde en la bas\u00edlica de San Pablo Extramuros. \u00abFue asesinado a los veintis\u00e9is a\u00f1os porque, como cristiano, se opon\u00eda a la injusticia y defend\u00eda a los peque\u00f1os y a los pobres. Que su testimonio d\u00e9 valor y esperanza a los j\u00f3venes de la Rep\u00fablica Democr\u00e1tica del Congo y de toda \u00c1frica\u00bb, destac\u00f3.<\/p>\n\n\n\n<p>Cerr\u00f3 su mensaje con una invitaci\u00f3n a los j\u00f3venes, record\u00e1ndoles el Jubileo que se celebrar\u00e1 dentro de mes y medio, y solicitando la intercesi\u00f3n de la Virgen Mar\u00eda, Reina de la Paz.<\/p>\n","protected":false},"excerpt":{"rendered":"<p>El papa Le&oacute;n XIV, durante el rezo del &Aacute;ngelus en la Plaza de San Pedro, realiz&oacute; un fuerte llamado a la paz mundial, con especial &eacute;nfasis en Oriente Medio, Ucrania y otras regiones azotadas por graves conflictos. Ante miles de fieles reunidos a pesar del calor estival, el Pont&iacute;fice remarc&oacute; la necesidad de construir caminos [&hellip;]<\/p>\n","protected":false},"author":2,"featured_media":13345,"comment_status":"open","ping_status":"open","sticky":false,"template":"","format":"standard","meta":{"footnotes":""},"categories":[9,726],"tags":[3764,6165,737,5914,421],"class_list":["post-13344","post","type-post","status-publish","format-standard","has-post-thumbnail","hentry","category-internacionales","category-sociedad","tag-angelus","tag-clamor","tag-mundial","tag-papa-leon-xiv","tag-paz"],"_links":{"self":[{"href":"https:\/\/partediario.com.ar\/index.php?rest_route=\/wp\/v2\/posts\/13344","targetHints":{"allow":["GET"]}}],"collection":[{"href":"https:\/\/partediario.com.ar\/index.php?rest_route=\/wp\/v2\/posts"}],"about":[{"href":"https:\/\/partediario.com.ar\/index.php?rest_route=\/wp\/v2\/types\/post"}],"author":[{"embeddable":true,"href":"https:\/\/partediario.com.ar\/index.php?rest_route=\/wp\/v2\/users\/2"}],"replies":[{"embeddable":true,"href":"https:\/\/partediario.com.ar\/index.php?rest_route=%2Fwp%2Fv2%2Fcomments&post=13344"}],"version-history":[{"count":1,"href":"https:\/\/partediario.com.ar\/index.php?rest_route=\/wp\/v2\/posts\/13344\/revisions"}],"predecessor-version":[{"id":13346,"href":"https:\/\/partediario.com.ar\/index.php?rest_route=\/wp\/v2\/posts\/13344\/revisions\/13346"}],"wp:featuredmedia":[{"embeddable":true,"href":"https:\/\/partediario.com.ar\/index.php?rest_route=\/wp\/v2\/media\/13345"}],"wp:attachment":[{"href":"https:\/\/partediario.com.ar\/index.php?rest_route=%2Fwp%2Fv2%2Fmedia&parent=13344"}],"wp:term":[{"taxonomy":"category","embeddable":true,"href":"https:\/\/partediario.com.ar\/index.php?rest_route=%2Fwp%2Fv2%2Fcategories&post=13344"},{"taxonomy":"post_tag","embeddable":true,"href":"https:\/\/partediario.com.ar\/index.php?rest_route=%2Fwp%2Fv2%2Ftags&post=13344"}],"curies":[{"name":"wp","href":"https:\/\/api.w.org\/{rel}","templated":true}]}}