{"id":13351,"date":"2025-06-21T18:23:32","date_gmt":"2025-06-21T21:23:32","guid":{"rendered":"https:\/\/partediario.com.ar\/?p=13351"},"modified":"2025-06-25T11:17:40","modified_gmt":"2025-06-25T14:17:40","slug":"la-corrupcion-en-la-causa-cuadernos-equivale-a-las-reservas-del-banco-central-expreso-el-economista-ariel-coremberg","status":"publish","type":"post","link":"https:\/\/partediario.com.ar\/?p=13351","title":{"rendered":"\u00abLa corrupci\u00f3n en la causa Cuadernos equivale a las reservas del Banco Central\u00bb, expres\u00f3 el economista Ariel Coremberg"},"content":{"rendered":"\n<h2 class=\"wp-block-heading\">El economista Ariel Coremberg se\u00f1al\u00f3 que la corrupci\u00f3n en la causa conocida como \u201clos cuadernos de las coimas\u201d, represent\u00f3 un perjuicio para el pa\u00eds equivalente a las reservas actuales del Banco Central. \u201cNo es una entelequia ni un abstracto: la corrupci\u00f3n tiene consecuencias institucionales, econ\u00f3micas y humanas\u201d, asegur\u00f3.<\/h2>\n\n\n\n<p>En declaraciones radiales, Coremberg explic\u00f3 que el c\u00e1lculo se basa en los m\u00e1rgenes de sobornos reconocidos en las confesiones de empresarios -un 15% en obra p\u00fablica y un 5% en subsidios a la energ\u00eda y el transporte- durante el per\u00edodo 2004-2015. Aplicando estos porcentajes sobre la ejecuci\u00f3n del gasto p\u00fablico consolidado de ese ciclo, estim\u00f3 una p\u00e9rdida de 36.000 millones de d\u00f3lares, que actualizados a valores de 2015 trepan a 42.500 millones, monto comparable a las reservas internacionales del pa\u00eds.<\/p>\n\n\n\n<p>\u201cLa pregunta no es qui\u00e9n pag\u00f3 coimas, sino si hubo alguna obra p\u00fablica que no lo hizo\u201d, remarc\u00f3, aludiendo al esquema de cartelizaci\u00f3n denunciado en la causa judicial, en el que participaban grandes constructoras como Techint y el Grupo Roggio. \u201cEso en econom\u00eda se llama oligopolio. Si no pagabas, te quedabas afuera del negocio, incluso quebrabas\u201d, apunt\u00f3.<\/p>\n\n\n\n<p>Coremberg hizo hincapi\u00e9 adem\u00e1s en el impacto estructural de esa corrupci\u00f3n sobre la econom\u00eda argentina: \u201cCon esa plata tendr\u00edamos hoy el doble de reservas. No habr\u00eda hecho falta pedirle d\u00f3lares al FMI ni por parte de Macri, ni de Guzm\u00e1n, ni de Massa ni de Batakis. Los tres \u00faltimos gobiernos tomaron deuda para recomponer reservas que podr\u00edan haber estado si no se las hubiese robado\u201d, destac\u00f3.<\/p>\n\n\n\n<p>Y a\u00f1adi\u00f3 que las consecuencias de largo plazo en el desarrollo del pa\u00eds. \u201cSin esa corrupci\u00f3n, la eficiencia productiva hubiese subido medio punto del PBI anual. Un argentino nacido en 2004 habr\u00eda duplicado su ingreso per c\u00e1pita en 50 a\u00f1os. Pero con esta corrupci\u00f3n, lo har\u00e1 reci\u00e9n a los 90\u201d, sostuvo.<\/p>\n\n\n\n<p>Finalizando, Coremberg estim\u00f3 que \u201cla corrupci\u00f3n es tambi\u00e9n una forma de fuga de capitales\u201d, que erosiona las condiciones de desarrollo, profundiza la desigualdad y deja secuelas macroecon\u00f3micas duraderas. \u201cCuanta m\u00e1s corrupci\u00f3n, m\u00e1s pobreza\u201d, cerr\u00f3.<\/p>\n","protected":false},"excerpt":{"rendered":"<p>El economista Ariel Coremberg se&ntilde;al&oacute; que la corrupci&oacute;n en la causa conocida como &ldquo;los cuadernos de las coimas&rdquo;, represent&oacute; un perjuicio para el pa&iacute;s equivalente a las reservas actuales del Banco Central. &ldquo;No es una entelequia ni un abstracto: la corrupci&oacute;n tiene consecuencias institucionales, econ&oacute;micas y humanas&rdquo;, asegur&oacute;. En declaraciones radiales, Coremberg explic&oacute; que el [&hellip;]<\/p>\n","protected":false},"author":2,"featured_media":13352,"comment_status":"open","ping_status":"open","sticky":false,"template":"","format":"standard","meta":{"footnotes":""},"categories":[5,176],"tags":[6167,1256,4359,6166],"class_list":["post-13351","post","type-post","status-publish","format-standard","has-post-thumbnail","hentry","category-nacionales","category-politica","tag-ariel-coremberg","tag-bcra","tag-causa","tag-cuadernos"],"_links":{"self":[{"href":"https:\/\/partediario.com.ar\/index.php?rest_route=\/wp\/v2\/posts\/13351","targetHints":{"allow":["GET"]}}],"collection":[{"href":"https:\/\/partediario.com.ar\/index.php?rest_route=\/wp\/v2\/posts"}],"about":[{"href":"https:\/\/partediario.com.ar\/index.php?rest_route=\/wp\/v2\/types\/post"}],"author":[{"embeddable":true,"href":"https:\/\/partediario.com.ar\/index.php?rest_route=\/wp\/v2\/users\/2"}],"replies":[{"embeddable":true,"href":"https:\/\/partediario.com.ar\/index.php?rest_route=%2Fwp%2Fv2%2Fcomments&post=13351"}],"version-history":[{"count":1,"href":"https:\/\/partediario.com.ar\/index.php?rest_route=\/wp\/v2\/posts\/13351\/revisions"}],"predecessor-version":[{"id":13353,"href":"https:\/\/partediario.com.ar\/index.php?rest_route=\/wp\/v2\/posts\/13351\/revisions\/13353"}],"wp:featuredmedia":[{"embeddable":true,"href":"https:\/\/partediario.com.ar\/index.php?rest_route=\/wp\/v2\/media\/13352"}],"wp:attachment":[{"href":"https:\/\/partediario.com.ar\/index.php?rest_route=%2Fwp%2Fv2%2Fmedia&parent=13351"}],"wp:term":[{"taxonomy":"category","embeddable":true,"href":"https:\/\/partediario.com.ar\/index.php?rest_route=%2Fwp%2Fv2%2Fcategories&post=13351"},{"taxonomy":"post_tag","embeddable":true,"href":"https:\/\/partediario.com.ar\/index.php?rest_route=%2Fwp%2Fv2%2Ftags&post=13351"}],"curies":[{"name":"wp","href":"https:\/\/api.w.org\/{rel}","templated":true}]}}