{"id":13354,"date":"2025-06-21T18:41:04","date_gmt":"2025-06-21T21:41:04","guid":{"rendered":"https:\/\/partediario.com.ar\/?p=13354"},"modified":"2025-06-25T11:17:37","modified_gmt":"2025-06-25T14:17:37","slug":"fin-de-las-compras-en-chile-abrieron-el-paso-pero-rigen-nuevos-controles-y-ademas-exigen-cadenas","status":"publish","type":"post","link":"https:\/\/partediario.com.ar\/?p=13354","title":{"rendered":"Fin de las compras en Chile: abrieron el paso, pero rigen nuevos controles y adem\u00e1s exigen cadenas"},"content":{"rendered":"\n<h2 class=\"wp-block-heading\">El D\u00eda de la Bandera en Argentina y el D\u00eda Nacional de los Pueblos Ind\u00edgenas en Chile hicieron coincidir los feriados y el fin de semana largo, pero en especial la presencia de nieve y hielo en los pasos fronterizos generaron dudas a cerca de 20 mil viajeros stand by, que planeaban una escapada de compras al pa\u00eds vecino.<\/h2>\n\n\n\n<p>Los mendocinos ten\u00edan chequeado al minuto el estado del paso y hab\u00edan preparado las cadenas para abordar la ruta resbaladiza, mientras estaban atentos a los partes meteorol\u00f3gicos y los comunicados en la cuenta oficial del Paso Internacional Cristo Redentor. Esta ser\u00e1 la \u00faltima oportunidad de viajar antes de las vacaciones de invierno.<\/p>\n\n\n\n<p>Las noticias de que el Paso qued\u00f3 habilitado para todo tipo de veh\u00edculos, con la salvedad de la presencia de hielo en la calzada despu\u00e9s de haber estado cerrado una semana con una enorme cantidad de camiones varados, movilizaron el viernes a una parte del turismo que busca hacer compras en el vecino pa\u00eds.<\/p>\n\n\n\n<p>El Paso Internacional Cristo Redentor inform\u00f3 que el sistema se encuentra habilitado de 9 a 21 para transporte de cargas, \u00f3mnibus y veh\u00edculos particulares, con una advertencia clave: la portaci\u00f3n de cadenas es obligatoria debido a las condiciones clim\u00e1ticas en alta monta\u00f1a.<\/p>\n\n\n\n<p>Y de persistir esta mejor\u00eda clim\u00e1tica, el s\u00e1bado se le sumar\u00e1 otra tanda de viajeros.<\/p>\n\n\n\n<p>Al no ser el chileno un feriado irrenunciable, los comerciantes no est\u00e1n obligados a cerrar el 21 de junio, en este caso el 20 de junio por el fin de semana largo.<\/p>\n\n\n\n<p>Tiendas como H&amp;M, Zara, Falabella, y Decathlon anunciaron que estar\u00e1n abiertas.<\/p>\n\n\n\n<p><strong>Exigencias de ARCA<\/strong><\/p>\n\n\n\n<p>Ya est\u00e1n preparadas para adaptarse a la reciente resoluci\u00f3n de ARCA que exige que las entidades bancarias y financieras informen detalladamente sobre cada compra realizada en el extranjero con tarjetas de cr\u00e9dito y d\u00e9bito.<\/p>\n\n\n\n<p>Los datos requeridos incluyen: 1) N\u00famero de tarjeta utilizada. 2) Marca y pa\u00eds de la transacci\u00f3n. 3) Nombre del comercio y monto de la operaci\u00f3n. 4) C\u00f3digo de rubro del comercio (Merchant Category Code \u2013 MCC), que clasifica las compras seg\u00fan el tipo de producto o servicio adquirido.<\/p>\n\n\n\n<p>La normativa ampl\u00eda adem\u00e1s el control a las compras efectuadas por titulares adicionales de tarjetas.<\/p>\n\n\n\n<p>Las instituciones financieras deber\u00e1n adaptar sus sistemas para cumplir con estas nuevas exigencias, lo que podr\u00eda aumentar la fiscalizaci\u00f3n sobre las transacciones internacionales.<\/p>\n\n\n\n<p><strong>L\u00edmites de gasto y productos restringidos<\/strong><\/p>\n\n\n\n<p class=\"has-medium-font-size\">ARCA estableci\u00f3 montos m\u00e1ximos de compra para evitar el pago de impuestos en la Aduana:<\/p>\n\n\n\n<p>a) 300 d\u00f3lares para quienes regresen al pa\u00eds por v\u00eda terrestre (autom\u00f3viles o micros).<\/p>\n\n\n\n<p>b) 500 d\u00f3lares para aquellos que retornen por v\u00eda a\u00e9rea.<\/p>\n\n\n\n<p>Destinos preferidos por los argentinos para realizar compras, aprovechando la diferencia cambiaria y los precios competitivos, como Osorno, Puerto Montt, Vi\u00f1a del Mar, La Serena y Santiago, siguen de cerca la reacci\u00f3n de los consumidores ante los controles de la agencia impositiva.<\/p>\n\n\n\n<p>Sin embargo, conf\u00edan en que la diferencia de precios finales de los productos que suelen comprar siga siendo un atractivo para el turismo de compras.<\/p>\n\n\n\n<p>En este caso, los dispositivos electr\u00f3nicos contin\u00faan siendo las vedetes, a\u00fan cuando en Argentina hubo una rebaja arancelaria que abarat\u00f3 algo, no lo suficiente, el ingreso de tel\u00e9fonos celulares, notebooks o tablets de uso personal.<\/p>\n\n\n\n<p>La lista de comprasla integran adem\u00e1s peque\u00f1os electrodom\u00e9sticos, como licuadoras, planchas o pavas el\u00e9ctricas, ropa y calzado.<\/p>\n\n\n\n<p>En todo caso, el incremento del control y la limitaci\u00f3n de las ventajas econ\u00f3micas que ofrec\u00eda dicha pr\u00e1ctica solo apunta a desalentar el comercio informal, a la vez que fortalecer la recaudaci\u00f3n fiscal.<\/p>\n\n\n\n<p class=\"has-medium-font-size\">La recomendaci\u00f3n de ARCA es:<\/p>\n\n\n\n<ul class=\"wp-block-list\">\n<li>-Informarse sobre las restricciones vigentes.<\/li>\n\n\n\n<li>-Declarar voluntariamente los productos comprados.<\/li>\n\n\n\n<li>-Conservar facturas o comprobantes de compra.<\/li>\n\n\n\n<li>-Dar prioridad a objetos personales o regalos.<\/li>\n<\/ul>\n\n\n\n<p>Se sugiere tambi\u00e9n evitar compras impulsivas que puedan generar demoras en los controles, y optar por art\u00edculos f\u00e1ciles de transportar.<\/p>\n\n\n\n<p>Un equipaje ordenado y con productos a la vista puede agilizar la inspecci\u00f3n, destacan. NA<\/p>\n","protected":false},"excerpt":{"rendered":"<p>El D&iacute;a de la Bandera en Argentina y el D&iacute;a Nacional de los Pueblos Ind&iacute;genas en Chile hicieron coincidir los feriados y el fin de semana largo, pero en especial la presencia de nieve y hielo en los pasos fronterizos generaron dudas a cerca de 20 mil viajeros stand by, que planeaban una escapada de [&hellip;]<\/p>\n","protected":false},"author":2,"featured_media":13355,"comment_status":"open","ping_status":"open","sticky":false,"template":"","format":"standard","meta":{"footnotes":""},"categories":[5,726],"tags":[3921,411,1295,346,3982,3983],"class_list":["post-13354","post","type-post","status-publish","format-standard","has-post-thumbnail","hentry","category-nacionales","category-sociedad","tag-arca","tag-argentina","tag-cristo-redentor","tag-feriados","tag-paso-internacional-los-libertadores","tag-pedido-chile"],"_links":{"self":[{"href":"https:\/\/partediario.com.ar\/index.php?rest_route=\/wp\/v2\/posts\/13354","targetHints":{"allow":["GET"]}}],"collection":[{"href":"https:\/\/partediario.com.ar\/index.php?rest_route=\/wp\/v2\/posts"}],"about":[{"href":"https:\/\/partediario.com.ar\/index.php?rest_route=\/wp\/v2\/types\/post"}],"author":[{"embeddable":true,"href":"https:\/\/partediario.com.ar\/index.php?rest_route=\/wp\/v2\/users\/2"}],"replies":[{"embeddable":true,"href":"https:\/\/partediario.com.ar\/index.php?rest_route=%2Fwp%2Fv2%2Fcomments&post=13354"}],"version-history":[{"count":1,"href":"https:\/\/partediario.com.ar\/index.php?rest_route=\/wp\/v2\/posts\/13354\/revisions"}],"predecessor-version":[{"id":13356,"href":"https:\/\/partediario.com.ar\/index.php?rest_route=\/wp\/v2\/posts\/13354\/revisions\/13356"}],"wp:featuredmedia":[{"embeddable":true,"href":"https:\/\/partediario.com.ar\/index.php?rest_route=\/wp\/v2\/media\/13355"}],"wp:attachment":[{"href":"https:\/\/partediario.com.ar\/index.php?rest_route=%2Fwp%2Fv2%2Fmedia&parent=13354"}],"wp:term":[{"taxonomy":"category","embeddable":true,"href":"https:\/\/partediario.com.ar\/index.php?rest_route=%2Fwp%2Fv2%2Fcategories&post=13354"},{"taxonomy":"post_tag","embeddable":true,"href":"https:\/\/partediario.com.ar\/index.php?rest_route=%2Fwp%2Fv2%2Ftags&post=13354"}],"curies":[{"name":"wp","href":"https:\/\/api.w.org\/{rel}","templated":true}]}}