{"id":13359,"date":"2025-06-22T18:08:10","date_gmt":"2025-06-22T21:08:10","guid":{"rendered":"https:\/\/partediario.com.ar\/?p=13359"},"modified":"2025-06-25T11:17:29","modified_gmt":"2025-06-25T14:17:29","slug":"turismo-gasolero-menos-viajes-estadias-y-gasto-en-los-feriados-por-guemes-y-la-bandera","status":"publish","type":"post","link":"https:\/\/partediario.com.ar\/?p=13359","title":{"rendered":"Turismo gasolero: menos viajes, estad\u00edas y gasto en los feriados por G\u00fcemes y la Bandera"},"content":{"rendered":"\n<h2 class=\"wp-block-heading\">Los dos fines de semana largos de junio generaron la movilizaci\u00f3n de alrededor de 2 millones de turistas en todo el pa\u00eds con un gasto que alcanz\u00f3 $412.372 millones durante los seis d\u00edas, seg\u00fan un relevamiento elaborado por la Confederaci\u00f3n Argentina de la Mediana Empresa (CAME).<\/h2>\n\n\n\n<p>Al analizar cada fin de semana por separado, el informe arroj\u00f3 que 721 mil turistas se movilizaron durante el feriado por G\u00fcemes y 1,4 millones por el D\u00eda de la Bandera, para totalizar en conjunto 2.162.750 de personas que viajaron por el pa\u00eds.<\/p>\n\n\n\n<p>La cantidad de turistas que se trasladaron durante los feriados del sexto mes del a\u00f1o baj\u00f3 frente al registro de los \u00faltimos dos a\u00f1os para la misma fecha, ya que en 2024 hab\u00edan viajado 2.592.000 personas a lo largo de 7 d\u00edas y en 2023 lo hicieron 2.247.966 en un lapso de 4 d\u00edas.<\/p>\n\n\n\n<p>El informe se\u00f1al\u00f3 que en promedio, cada turista gast\u00f3 $82.900 diarios en alimentos, bebidas, alojamiento, transporte, recreaci\u00f3n y compras diversas, y tuvo una estad\u00eda media de 2,2 noches, cuando el a\u00f1o pasado, con un d\u00eda m\u00e1s feriado, fue de 2,9 noches.<\/p>\n\n\n\n<p>Y adem\u00e1s revel\u00f3 que la cantidad de gente que viaj\u00f3 durante seis d\u00edas fue un 16,6% menor a los mismos fines de semana del a\u00f1o pasado, que tuvieron un d\u00eda m\u00e1s (siete). Tambi\u00e9n este a\u00f1o el gasto total result\u00f3 un 27,9% menor a precios reales que el del a\u00f1o pasado.<\/p>\n\n\n\n<p>De este modo, en los d\u00edas de descanso por el paso a la + Inmortalidad de Mart\u00edn Miguel de G\u00fcemes y el D\u00eda de la Bandera hubo menos argentinos viajando, durante menos d\u00edas y con un menor gasto total que en la misma fecha del a\u00f1o pasado.<\/p>\n\n\n\n<p>Desde la entidad gremial-empresaria consideraron que \u201cesto refleja un turista m\u00e1s austero, que, si bien recort\u00f3 gastos en servicios recreativos y en compras comerciales, su principal ajuste fue reducir su estad\u00eda\u201d.<\/p>\n\n\n\n<p>A pesar de las mermas evidenciadas, destacaron que \u201caunque el contexto econ\u00f3mico limit\u00f3 el consumo en varios destinos hubo una buena respuesta del turismo de cercan\u00eda, picos de ocupaci\u00f3n en ciudades con eventos masivos y reconexi\u00f3n con paisajes, sabores e identidades locales\u201d.<\/p>\n\n\n\n<p>En lo que va del a\u00f1o ya se celebraron cinco fines de semana largos, en los que viajaron 8,8 millones de turistas por distintos puntos del pa\u00eds. Estas escapadas representaron un movimiento econ\u00f3mico estimado de $2.103.791.000, lo que equivale a US$1.821 millones.<\/p>\n\n\n\n<p>Desde CAME indicaron que \u201cel impacto de estos feriados fue significativo no s\u00f3lo por la cantidad de personas movilizadas, sino adem\u00e1s por su efecto dinamizador sobre las econom\u00edas regionales\u201d, se\u00f1alando que \u201clos turistas beneficiaron a miles de peque\u00f1as y medianas empresas vinculadas directa o indirectamente con la actividad tur\u00edstica\u201d.<\/p>\n\n\n\n<p>Asimismo, subrayaron que \u201caunque en comparaci\u00f3n interanual se observa un ajuste en el nivel de gasto y en la duraci\u00f3n promedio de las estad\u00edas, el n\u00famero de viajeros sigue mostrando una fuerte adhesi\u00f3n al turismo interno como opci\u00f3n de descanso y recreaci\u00f3n\u201d, se\u00f1alando que \u201cesto consolida a los fines de semana largos como una herramienta clave para sostener el movimiento tur\u00edstico durante la temporada baja\u201d.<\/p>\n","protected":false},"excerpt":{"rendered":"<p>Los dos fines de semana largos de junio generaron la movilizaci&oacute;n de alrededor de 2 millones de turistas en todo el pa&iacute;s con un gasto que alcanz&oacute; $412.372 millones durante los seis d&iacute;as, seg&uacute;n un relevamiento elaborado por la Confederaci&oacute;n Argentina de la Mediana Empresa (CAME). Al analizar cada fin de semana por separado, el [&hellip;]<\/p>\n","protected":false},"author":2,"featured_media":13360,"comment_status":"open","ping_status":"open","sticky":false,"template":"","format":"standard","meta":{"footnotes":""},"categories":[5,726],"tags":[560,707,6169,6171,558],"class_list":["post-13359","post","type-post","status-publish","format-standard","has-post-thumbnail","hentry","category-nacionales","category-sociedad","tag-came","tag-dia-de-la-bandera","tag-gasolero","tag-guemes","tag-turismo"],"_links":{"self":[{"href":"https:\/\/partediario.com.ar\/index.php?rest_route=\/wp\/v2\/posts\/13359","targetHints":{"allow":["GET"]}}],"collection":[{"href":"https:\/\/partediario.com.ar\/index.php?rest_route=\/wp\/v2\/posts"}],"about":[{"href":"https:\/\/partediario.com.ar\/index.php?rest_route=\/wp\/v2\/types\/post"}],"author":[{"embeddable":true,"href":"https:\/\/partediario.com.ar\/index.php?rest_route=\/wp\/v2\/users\/2"}],"replies":[{"embeddable":true,"href":"https:\/\/partediario.com.ar\/index.php?rest_route=%2Fwp%2Fv2%2Fcomments&post=13359"}],"version-history":[{"count":1,"href":"https:\/\/partediario.com.ar\/index.php?rest_route=\/wp\/v2\/posts\/13359\/revisions"}],"predecessor-version":[{"id":13361,"href":"https:\/\/partediario.com.ar\/index.php?rest_route=\/wp\/v2\/posts\/13359\/revisions\/13361"}],"wp:featuredmedia":[{"embeddable":true,"href":"https:\/\/partediario.com.ar\/index.php?rest_route=\/wp\/v2\/media\/13360"}],"wp:attachment":[{"href":"https:\/\/partediario.com.ar\/index.php?rest_route=%2Fwp%2Fv2%2Fmedia&parent=13359"}],"wp:term":[{"taxonomy":"category","embeddable":true,"href":"https:\/\/partediario.com.ar\/index.php?rest_route=%2Fwp%2Fv2%2Fcategories&post=13359"},{"taxonomy":"post_tag","embeddable":true,"href":"https:\/\/partediario.com.ar\/index.php?rest_route=%2Fwp%2Fv2%2Ftags&post=13359"}],"curies":[{"name":"wp","href":"https:\/\/api.w.org\/{rel}","templated":true}]}}