{"id":13368,"date":"2025-06-25T10:35:54","date_gmt":"2025-06-25T13:35:54","guid":{"rendered":"https:\/\/partediario.com.ar\/?p=13368"},"modified":"2025-06-29T19:31:37","modified_gmt":"2025-06-29T22:31:37","slug":"los-jubilados-se-convocaran-este-miercoles-al-congreso","status":"publish","type":"post","link":"https:\/\/partediario.com.ar\/?p=13368","title":{"rendered":"Los jubilados se convocar\u00e1n este mi\u00e9rcoles al Congreso"},"content":{"rendered":"\n<h2 class=\"wp-block-heading\">Las organizaciones jubilados, junto a distintos frentes pol\u00edticos, se movilizar\u00e1n nuevamente este mi\u00e9rcoles a las 15 en las inmediaciones del Congreso para reclamar un aumento de los haberes y la restituci\u00f3n de los medicamentos gratuitos del PAMI, entre otras demandas.<\/h2>\n\n\n\n<p>As\u00ed lo informaron fuentes de la organizaci\u00f3n, que indicaron que el flamante Frente Multisectorial integrado por organizaciones de la CGT, CTA y movimientos sociales se concentrar\u00e1 a las 15 en la puerta del cine Gaumont, a metros del Congreso, para acompa\u00f1ar la marcha.<\/p>\n\n\n\n<p>De este modo los jubilados retomar\u00e1n las marchas de los mi\u00e9rcoles en reclamo de un aumento en los haberes, la restituci\u00f3n de los medicamentos gratuitos del PAMI y contra el veto del presidente Javier Milei a la reforma del a\u00f1o pasado que establec\u00eda un incremento para el sector previsional.<\/p>\n\n\n\n<p>La \u00faltima gran movilizaci\u00f3n se llev\u00f3 a cabo el 4 de junio, cuando los jubilados, el colectivo feminista Ni Una Menos, los m\u00e9dicos del Garrahan y los estudiantes universitarios coincidieron en multitudinaria marcha contra el \u201cajuste\u201d del Gobierno de Milei, sin que en esa oportunidad se registraran incidentes con la Polic\u00eda.<\/p>\n","protected":false},"excerpt":{"rendered":"<p>Las organizaciones jubilados, junto a distintos frentes pol&iacute;ticos, se movilizar&aacute;n nuevamente este mi&eacute;rcoles a las 15 en las inmediaciones del Congreso para reclamar un aumento de los haberes y la restituci&oacute;n de los medicamentos gratuitos del PAMI, entre otras demandas. As&iacute; lo informaron fuentes de la organizaci&oacute;n, que indicaron que el flamante Frente Multisectorial integrado [&hellip;]<\/p>\n","protected":false},"author":2,"featured_media":13369,"comment_status":"open","ping_status":"open","sticky":false,"template":"","format":"standard","meta":{"footnotes":""},"categories":[5,176],"tags":[226,229,227,1264,971,5748,973],"class_list":["post-13368","post","type-post","status-publish","format-standard","has-post-thumbnail","hentry","category-nacionales","category-politica","tag-cgt","tag-congreso","tag-cta","tag-jubilados","tag-marcha","tag-miercoles","tag-multisectorial"],"_links":{"self":[{"href":"https:\/\/partediario.com.ar\/index.php?rest_route=\/wp\/v2\/posts\/13368","targetHints":{"allow":["GET"]}}],"collection":[{"href":"https:\/\/partediario.com.ar\/index.php?rest_route=\/wp\/v2\/posts"}],"about":[{"href":"https:\/\/partediario.com.ar\/index.php?rest_route=\/wp\/v2\/types\/post"}],"author":[{"embeddable":true,"href":"https:\/\/partediario.com.ar\/index.php?rest_route=\/wp\/v2\/users\/2"}],"replies":[{"embeddable":true,"href":"https:\/\/partediario.com.ar\/index.php?rest_route=%2Fwp%2Fv2%2Fcomments&post=13368"}],"version-history":[{"count":1,"href":"https:\/\/partediario.com.ar\/index.php?rest_route=\/wp\/v2\/posts\/13368\/revisions"}],"predecessor-version":[{"id":13370,"href":"https:\/\/partediario.com.ar\/index.php?rest_route=\/wp\/v2\/posts\/13368\/revisions\/13370"}],"wp:featuredmedia":[{"embeddable":true,"href":"https:\/\/partediario.com.ar\/index.php?rest_route=\/wp\/v2\/media\/13369"}],"wp:attachment":[{"href":"https:\/\/partediario.com.ar\/index.php?rest_route=%2Fwp%2Fv2%2Fmedia&parent=13368"}],"wp:term":[{"taxonomy":"category","embeddable":true,"href":"https:\/\/partediario.com.ar\/index.php?rest_route=%2Fwp%2Fv2%2Fcategories&post=13368"},{"taxonomy":"post_tag","embeddable":true,"href":"https:\/\/partediario.com.ar\/index.php?rest_route=%2Fwp%2Fv2%2Ftags&post=13368"}],"curies":[{"name":"wp","href":"https:\/\/api.w.org\/{rel}","templated":true}]}}