{"id":13384,"date":"2025-06-28T16:59:05","date_gmt":"2025-06-28T19:59:05","guid":{"rendered":"https:\/\/partediario.com.ar\/?p=13384"},"modified":"2025-06-29T19:31:20","modified_gmt":"2025-06-29T22:31:20","slug":"polemica-de-iran-con-el-argentino-grossi-y-cierra-las-puertas-al-oiea","status":"publish","type":"post","link":"https:\/\/partediario.com.ar\/?p=13384","title":{"rendered":"Pol\u00e9mica de Ir\u00e1n con el argentino Grossi y cierra las puertas al OIEA"},"content":{"rendered":"\n<h2 class=\"wp-block-heading\">El ministro de Relaciones Exteriores de Ir\u00e1n, Seyed Abbas Araghchi, afirm\u00f3 que la insistencia del jefe de la agencia de vigilancia nuclear de Naciones Unidas en visitar los sitios nucleares bombardeados en Ir\u00e1n \u201ccarece de sentido\u201d.<\/h2>\n\n\n\n<p>El canciller se expres\u00f3 en la red social X en la que acus\u00f3 al director general del Organismo Internacional de Energ\u00eda At\u00f3mica (OIEA), Rafael Grossi, de facilitar la adopci\u00f3n de una resoluci\u00f3n de la junta de gobernadores del organismo en contra de Teher\u00e1n, as\u00ed como los bombardeos de las instalaciones nucleares iran\u00edes por parte de Estados Unidos e Israel.<\/p>\n\n\n\n<p>\u201cLa insistencia de Grossi en visitar los sitios bombardeados con el pretexto de las salvaguardas carece de significado y posiblemente tenga incluso una intenci\u00f3n maligna. Ir\u00e1n se reserva el derecho a tomar cualquier medida en defensa de sus intereses, su pueblo y su soberan\u00eda\u201d, alert\u00f3.<\/p>\n\n\n\n<p>Araghchi hizo menci\u00f3n a un plan reciente aprobado por el Parlamento de Ir\u00e1n, m\u00e1s tarde convertido en ley por el Consejo Constitucional del pa\u00eds, que pide suspender la colaboraci\u00f3n de Ir\u00e1n con la OIEA, recuerda este s\u00e1bado un informe de la agencia de noticias Xinhua.<\/p>\n\n\n\n<p>El canciller de Ir\u00e1n a\u00f1adi\u00f3 que \u201cesto es resultado directo del lamentable papel de Grossi que empa\u00f1\u00f3 el hecho de que, hace una d\u00e9cada, el organismo ya hab\u00eda concluido todos los asuntos pasados \u200b\u200b(con Ir\u00e1n)\u201d.<\/p>\n\n\n\n<p>Grossi destac\u00f3 la necesidad de que los inspectores de la OIEA contin\u00faen con sus actividades de verificaci\u00f3n en Ir\u00e1n \u201ccomo lo exige el Acuerdo de Salvaguardias Amplias\u201d, se se\u00f1al\u00f3 en una declaraci\u00f3n publicada en el sitio en internet del organismo.<\/p>\n\n\n\n<p>El 13 de junio, Israel lanz\u00f3 ataques a\u00e9reos contra diferentes zonas de Ir\u00e1n, incluyendo sitios nucleares y militares, los cuales mataron a varios comandantes importantes, cient\u00edficos nucleares y muchos civiles.<\/p>\n\n\n\n<p>Ir\u00e1n contest\u00f3 con varias oleadas de ataques con misiles y drones contra Israel, los cuales dejaron v\u00edctimas y da\u00f1os.La semana pasada, la Fuerza A\u00e9rea estadounidense bombarde\u00f3 tres sitios nucleares iran\u00edes en Fordow, Natanz e Isfah\u00e1n.<\/p>\n\n\n\n<p>Por su parte, Ir\u00e1n atac\u00f3 el lunes con misiles la base militar estadounidense de Al Udeid en Qatar. Tras una guerra de 12 d\u00edas, el martes se logr\u00f3 un cese al fuego entre Ir\u00e1n e Israel.<\/p>\n","protected":false},"excerpt":{"rendered":"<p>El ministro de Relaciones Exteriores de Ir&aacute;n, Seyed Abbas Araghchi, afirm&oacute; que la insistencia del jefe de la agencia de vigilancia nuclear de Naciones Unidas en visitar los sitios nucleares bombardeados en Ir&aacute;n &ldquo;carece de sentido&rdquo;. El canciller se expres&oacute; en la red social X en la que acus&oacute; al director general del Organismo Internacional [&hellip;]<\/p>\n","protected":false},"author":2,"featured_media":13385,"comment_status":"open","ping_status":"open","sticky":false,"template":"","format":"standard","meta":{"footnotes":""},"categories":[9],"tags":[1844,235,916,2512,4962],"class_list":["post-13384","post","type-post","status-publish","format-standard","has-post-thumbnail","hentry","category-internacionales","tag-iran","tag-israel","tag-oiea","tag-polemica","tag-rafael-grossi"],"_links":{"self":[{"href":"https:\/\/partediario.com.ar\/index.php?rest_route=\/wp\/v2\/posts\/13384","targetHints":{"allow":["GET"]}}],"collection":[{"href":"https:\/\/partediario.com.ar\/index.php?rest_route=\/wp\/v2\/posts"}],"about":[{"href":"https:\/\/partediario.com.ar\/index.php?rest_route=\/wp\/v2\/types\/post"}],"author":[{"embeddable":true,"href":"https:\/\/partediario.com.ar\/index.php?rest_route=\/wp\/v2\/users\/2"}],"replies":[{"embeddable":true,"href":"https:\/\/partediario.com.ar\/index.php?rest_route=%2Fwp%2Fv2%2Fcomments&post=13384"}],"version-history":[{"count":1,"href":"https:\/\/partediario.com.ar\/index.php?rest_route=\/wp\/v2\/posts\/13384\/revisions"}],"predecessor-version":[{"id":13386,"href":"https:\/\/partediario.com.ar\/index.php?rest_route=\/wp\/v2\/posts\/13384\/revisions\/13386"}],"wp:featuredmedia":[{"embeddable":true,"href":"https:\/\/partediario.com.ar\/index.php?rest_route=\/wp\/v2\/media\/13385"}],"wp:attachment":[{"href":"https:\/\/partediario.com.ar\/index.php?rest_route=%2Fwp%2Fv2%2Fmedia&parent=13384"}],"wp:term":[{"taxonomy":"category","embeddable":true,"href":"https:\/\/partediario.com.ar\/index.php?rest_route=%2Fwp%2Fv2%2Fcategories&post=13384"},{"taxonomy":"post_tag","embeddable":true,"href":"https:\/\/partediario.com.ar\/index.php?rest_route=%2Fwp%2Fv2%2Ftags&post=13384"}],"curies":[{"name":"wp","href":"https:\/\/api.w.org\/{rel}","templated":true}]}}