{"id":13391,"date":"2025-06-29T18:58:39","date_gmt":"2025-06-29T21:58:39","guid":{"rendered":"https:\/\/partediario.com.ar\/?p=13391"},"modified":"2025-07-02T11:18:52","modified_gmt":"2025-07-02T14:18:52","slug":"santa-fe-voto-maximiliano-pullaro-y-rechazo-la-suba-de-retenciones-es-un-error-retrotraer-la-medida-expreso","status":"publish","type":"post","link":"https:\/\/partediario.com.ar\/?p=13391","title":{"rendered":"Santa F\u00e9: vot\u00f3 Maximiliano Pullaro y rechaz\u00f3 la suba de retenciones: \u201cEs un error retrotraer la medida\u201d, expres\u00f3"},"content":{"rendered":"\n<h2 class=\"wp-block-heading\">Desde la Escuela 504 de la localidad agraria de Hughes, donde emiti\u00f3 su voto, el gobernador se\u00f1al\u00f3: \u201cEs una error retraer una medida que se hab\u00eda tomado, que no era de fondo porque ten\u00eda que ser progresiva hasta la eliminaci\u00f3n de las retenciones\u201d.<\/h2>\n\n\n\n<p>\u201cLamentablemente ma\u00f1ana ser\u00eda el \u00faltimo d\u00eda de las retenciones como las tuvimos estos \u00faltimos meses, y volver\u00edamos al esquema tradicional. No solo estamos en contra de eso sino que estamos convencidos de que deber\u00edamos empezar a explorar un camino donde las retenciones se terminen en la Argentina porque las provincias productivas tienen un da\u00f1o y un impacto sumamente negativo\u201d, indic\u00f3.<\/p>\n\n\n\n<p>Y asegur\u00f3 tambi\u00e9n que la medida del Ejecutivo se tom\u00f3 sin conocer al interior del pa\u00eds y al trabajo que desempe\u00f1a el campo, y subray\u00f3 que las ganancias de los productores agropecuarios se reinvierten para aumentar la producci\u00f3n.<\/p>\n\n\n\n<p>\u201cEn segundo t\u00e9rmino, es un error la apertura indiscriminada donde se est\u00e1 golpeando fuertemente a la industria. La apertura debe ser estrat\u00e9gica e inteligente y siempre cuidando al trabajo y al sistema productivo\u201d, apunt\u00f3 Pullaro, y acot\u00f3: \u201cNo lo vemos de la misma manera que el Gobierno Nacional por eso siempre pedimos que pueda cuidarse al campo y a la industria\u201d.<\/p>\n\n\n\n<p>En esa l\u00ednea, precis\u00f3: \u201cNecesitamos cuidar a la industria porque cada industria que se pierde es dif\u00edcil levantarla y eso impacta directamente al empleo y a las econom\u00edas de las diversas localidades. Aqu\u00ed no tenemos un problema de ineficiencia de nuestras industrias sino con lo impositivo, lo que hay que hacer es bajar los impuestos\u201d.<\/p>\n\n\n\n<p>El mandatario destac\u00f3 que la fuerza que representa acompa\u00f1\u00f3 las medidas que la administraci\u00f3n libertaria impuls\u00f3 en el Congreso Nacional, al tiempo que destac\u00f3 el equilibrio fiscal, pero cuestion\u00f3 las que van \u201cen contra del sistema productivo, del campo, de la industria, de los puertos y el comercio porque mi provincia es eso\u201d.<\/p>\n\n\n\n<p>Se\u00f1al\u00f3 adem\u00e1s que la elecci\u00f3n donde se vota intendente en 19 distritos, mientras que en 53 ciudades se renovar\u00e1n las bancas del Concejo Municipal, y vaticin\u00f3 una participaci\u00f3n superior del electorado a la del 13 de abril, cuando se eligieron convencionales constituyentes.<\/p>\n\n\n\n<p>\u201cEsperamos que sea superior al 13 de abril, que al principio nos hab\u00edamos preocupado, pero cuando vimos que est\u00e1bamos por encima de la media entendimos que era un fen\u00f3meno que se daba en la Argentina\u201d, finaliz\u00f3 Pullaro.<\/p>\n","protected":false},"excerpt":{"rendered":"<p>Desde la Escuela 504 de la localidad agraria de Hughes, donde emiti&oacute; su voto, el gobernador se&ntilde;al&oacute;: &ldquo;Es una error retraer una medida que se hab&iacute;a tomado, que no era de fondo porque ten&iacute;a que ser progresiva hasta la eliminaci&oacute;n de las retenciones&rdquo;. &ldquo;Lamentablemente ma&ntilde;ana ser&iacute;a el &uacute;ltimo d&iacute;a de las retenciones como las tuvimos [&hellip;]<\/p>\n","protected":false},"author":2,"featured_media":13392,"comment_status":"open","ping_status":"open","sticky":false,"template":"","format":"standard","meta":{"footnotes":""},"categories":[176,8],"tags":[1107,264,5943],"class_list":["post-13391","post","type-post","status-publish","format-standard","has-post-thumbnail","hentry","category-politica","category-provinciales","tag-maximiliano-pullaro","tag-santa-fe","tag-voto"],"_links":{"self":[{"href":"https:\/\/partediario.com.ar\/index.php?rest_route=\/wp\/v2\/posts\/13391","targetHints":{"allow":["GET"]}}],"collection":[{"href":"https:\/\/partediario.com.ar\/index.php?rest_route=\/wp\/v2\/posts"}],"about":[{"href":"https:\/\/partediario.com.ar\/index.php?rest_route=\/wp\/v2\/types\/post"}],"author":[{"embeddable":true,"href":"https:\/\/partediario.com.ar\/index.php?rest_route=\/wp\/v2\/users\/2"}],"replies":[{"embeddable":true,"href":"https:\/\/partediario.com.ar\/index.php?rest_route=%2Fwp%2Fv2%2Fcomments&post=13391"}],"version-history":[{"count":1,"href":"https:\/\/partediario.com.ar\/index.php?rest_route=\/wp\/v2\/posts\/13391\/revisions"}],"predecessor-version":[{"id":13393,"href":"https:\/\/partediario.com.ar\/index.php?rest_route=\/wp\/v2\/posts\/13391\/revisions\/13393"}],"wp:featuredmedia":[{"embeddable":true,"href":"https:\/\/partediario.com.ar\/index.php?rest_route=\/wp\/v2\/media\/13392"}],"wp:attachment":[{"href":"https:\/\/partediario.com.ar\/index.php?rest_route=%2Fwp%2Fv2%2Fmedia&parent=13391"}],"wp:term":[{"taxonomy":"category","embeddable":true,"href":"https:\/\/partediario.com.ar\/index.php?rest_route=%2Fwp%2Fv2%2Fcategories&post=13391"},{"taxonomy":"post_tag","embeddable":true,"href":"https:\/\/partediario.com.ar\/index.php?rest_route=%2Fwp%2Fv2%2Ftags&post=13391"}],"curies":[{"name":"wp","href":"https:\/\/api.w.org\/{rel}","templated":true}]}}