{"id":13413,"date":"2025-06-30T18:30:17","date_gmt":"2025-06-30T21:30:17","guid":{"rendered":"https:\/\/partediario.com.ar\/?p=13413"},"modified":"2025-07-02T11:19:20","modified_gmt":"2025-07-02T14:19:20","slug":"patricia-bullrich-investiga-a-un-custodio-de-cristina-kirchner-por-su-conducta-hay-algo-raro-dijo","status":"publish","type":"post","link":"https:\/\/partediario.com.ar\/?p=13413","title":{"rendered":"Patricia Bullrich investiga a un custodio de Cristina Kirchner por su conducta: \u201cHay algo raro\u201d, dijo"},"content":{"rendered":"\n<h2 class=\"wp-block-heading\">La ministra de Seguridad, Patricia Bullrich, revel\u00f3 que investiga a uno de los efectivos que custodia a la expresidenta Cristina Kirchner, al que acus\u00f3 de \u201ccuidarla muy mal\u201d, luego de conocerse im\u00e1genes del agente con una campera de la Guardia de Honor Presidencial de Venezuela.<\/h2>\n\n\n\n<p>\u201cDefender una custodia que en un momento tan importante ni se da cuenta de lo que est\u00e1 pasando muestra algo raro\u201d, denunci\u00f3 la ministra, y agreg\u00f3: \u201cHay una connivencia\u201d.<\/p>\n\n\n\n<p>Adem\u00e1s cuestion\u00f3: \u201cLo vimos el otro d\u00eda y se ha abierto una investigaci\u00f3n interna por el que ven\u00eda con la campera de la Guardia Pretoriana Venezolana. No puede un efectivo de seguridad tener una campera de una guardia pretoriana\u201d.<\/p>\n\n\n\n<p>Si bien Bullrich evit\u00f3 indicar la cantidad de efectivos que se utilizan para preservar a la exvicepresidenta que cumple su condena a seis a\u00f1os de prisi\u00f3n en su departamento, ubicado en San Jos\u00e9 1111 correspondiente al barrio porte\u00f1o de Constituci\u00f3n, cont\u00f3 que hay posibilidades de achicar el plantel.<\/p>\n\n\n\n<p>\u201cLa custodia de los expresidentes en general tiene distintos objetivos. Son las personas a las que hay que cuidar m\u00e1s sus familias y la cantidad de domicilios\u201d, explic\u00f3 en declaraciones period\u00edsticas: \u201cEsto seguramente se va a ir achicando. Uno trata de cuidar los recursos porque la Polic\u00eda Federal Argentina (PFA) necesita recursos para la tarea que estamos llevando adelante que va a ser el Departamento Federal de Inversiones\u201d.<\/p>\n\n\n\n<p>Rechaz\u00f3 adem\u00e1s las cr\u00edticas contra su persona de la titular del Partido Justicialista (PJ), al sostener que fue la responsable del \u201cempeorar\u201d al pa\u00eds. \u00abLo que me diga a mi me importa poco. Ella gener\u00f3 el m\u00e1ximo fracaso de una Naci\u00f3n que es que un presidente est\u00e9 preso por haber robado\u00bb, destac\u00f3.<\/p>\n\n\n\n<p>Cambiando de tema, Bullrich denunci\u00f3 que una de las camionetas halladas en las proximidades de la casa de Jos\u00e9 Luis Espert, v\u00edctima de un ataque contra el frente de su casa, est\u00e1 a nombre de un funcionario del municipio de Quilmes e investigan si tuvo paso por San Jos\u00e9 1111.<\/p>\n\n\n\n<p>\u201cAc\u00e1 hay una acci\u00f3n meditada. Fueron, compraron la bosta que llevaron, hicieron una acci\u00f3n meditada. Son funcionarios p\u00fablicos y eso es un agravante. Consideramos que cualquier persona que cometa un delito, sea de donde sea, tiene que pagarlas\u201d, apunt\u00f3.<\/p>\n\n\n\n<p>La ministra solicit\u00f3 la renuncia de la funcionaria Alesia Abaigar, identificada como una de las autoras materiales del ataque, y pidi\u00f3 la intervenci\u00f3n del gobernador de la provincia, Axel Kicillof.<\/p>\n\n\n\n<p>\u201cKicillof, con la familia y las casas particulares no. A esa funcionaria la tenes que echar. No puede haber m\u00e1s doble vara del pa\u00eds y ese es el gran aporte que hace el Presidente\u201d, finaliz\u00f3 Bullrich.<\/p>\n","protected":false},"excerpt":{"rendered":"<p>La ministra de Seguridad, Patricia Bullrich, revel&oacute; que investiga a uno de los efectivos que custodia a la expresidenta Cristina Kirchner, al que acus&oacute; de &ldquo;cuidarla muy mal&rdquo;, luego de conocerse im&aacute;genes del agente con una campera de la Guardia de Honor Presidencial de Venezuela. &ldquo;Defender una custodia que en un momento tan importante ni [&hellip;]<\/p>\n","protected":false},"author":2,"featured_media":13414,"comment_status":"open","ping_status":"open","sticky":false,"template":"","format":"standard","meta":{"footnotes":""},"categories":[5,176],"tags":[6198,518,6197,6200,510],"class_list":["post-13413","post","type-post","status-publish","format-standard","has-post-thumbnail","hentry","category-nacionales","category-politica","tag-campera","tag-cristina-kirchner","tag-custodio","tag-guardia-de-honor-presidencial-de-venezuela-2","tag-patricia-bullrich"],"_links":{"self":[{"href":"https:\/\/partediario.com.ar\/index.php?rest_route=\/wp\/v2\/posts\/13413","targetHints":{"allow":["GET"]}}],"collection":[{"href":"https:\/\/partediario.com.ar\/index.php?rest_route=\/wp\/v2\/posts"}],"about":[{"href":"https:\/\/partediario.com.ar\/index.php?rest_route=\/wp\/v2\/types\/post"}],"author":[{"embeddable":true,"href":"https:\/\/partediario.com.ar\/index.php?rest_route=\/wp\/v2\/users\/2"}],"replies":[{"embeddable":true,"href":"https:\/\/partediario.com.ar\/index.php?rest_route=%2Fwp%2Fv2%2Fcomments&post=13413"}],"version-history":[{"count":1,"href":"https:\/\/partediario.com.ar\/index.php?rest_route=\/wp\/v2\/posts\/13413\/revisions"}],"predecessor-version":[{"id":13415,"href":"https:\/\/partediario.com.ar\/index.php?rest_route=\/wp\/v2\/posts\/13413\/revisions\/13415"}],"wp:featuredmedia":[{"embeddable":true,"href":"https:\/\/partediario.com.ar\/index.php?rest_route=\/wp\/v2\/media\/13414"}],"wp:attachment":[{"href":"https:\/\/partediario.com.ar\/index.php?rest_route=%2Fwp%2Fv2%2Fmedia&parent=13413"}],"wp:term":[{"taxonomy":"category","embeddable":true,"href":"https:\/\/partediario.com.ar\/index.php?rest_route=%2Fwp%2Fv2%2Fcategories&post=13413"},{"taxonomy":"post_tag","embeddable":true,"href":"https:\/\/partediario.com.ar\/index.php?rest_route=%2Fwp%2Fv2%2Ftags&post=13413"}],"curies":[{"name":"wp","href":"https:\/\/api.w.org\/{rel}","templated":true}]}}