{"id":13423,"date":"2025-07-02T11:03:51","date_gmt":"2025-07-02T14:03:51","guid":{"rendered":"https:\/\/partediario.com.ar\/?p=13423"},"modified":"2025-07-03T11:39:35","modified_gmt":"2025-07-03T14:39:35","slug":"casacion-revisara-la-detencion-domiciliario-y-la-tobillera-electronica-de-cristina-kirchner","status":"publish","type":"post","link":"https:\/\/partediario.com.ar\/?p=13423","title":{"rendered":"Casaci\u00f3n revisar\u00e1 la detenci\u00f3n domiciliario y la tobillera electr\u00f3nica de Cristina Kirchner"},"content":{"rendered":"\n<h2 class=\"wp-block-heading\">El Tribunal Oral que conden\u00f3 a la ex presidenta Cristina Kirchner en la causa Vialidad, concedi\u00f3 las apelaciones de la fiscal\u00eda contra el beneficio de la prisi\u00f3n domiciliaria y de la defensa por la colocaci\u00f3n de tobillera electr\u00f3nica, de este modo ambos temas quedaron en condiciones de ser revisados por la C\u00e1mara Federal de Casaci\u00f3n.<\/h2>\n\n\n\n<p>Por otro lado, el Tribunal Oral Federal 2 debe decidir si autoriza que el presidente de Brasil Lula Da Silva pueda visitar a la ex mandataria en su lugar de detenci\u00f3n, el departamento de San Jos\u00e9 1111 en el barrio de Constituci\u00f3n, en base a un pedido hecho por la defensa.<\/p>\n\n\n\n<p>La sala IV del m\u00e1ximo tribunal penal federal del pa\u00eds integrada por los jueces Mariano Borinsky, Diego Barroetave\u00f1a y Gustavo Hornos es la que interviene en la causa Vialidad y ya fij\u00f3 audiencia para el pr\u00f3ximo lunes 7 de julio por otro recurso, vinculado a la apelaci\u00f3n contra el r\u00e9gimen de visitas limitado impuesto a la ex presidenta, se\u00f1alaron fuentes judiciales.<\/p>\n\n\n\n<p>Ahora el Tribunal Oral Federal 2 concedi\u00f3 otras dos apelaciones, la del fiscal federal Diego Luciani que reclama que Cristina Kirchner cumpla su condena a seis a\u00f1os de prisi\u00f3n por administraci\u00f3n fraudulenta en c\u00e1rcel com\u00fan y se le revoque el beneficio de la prisi\u00f3n domiciliaria.<\/p>\n\n\n\n<p>Mientras que el abogado de la ex vicepresidenta Carlos Beraldi cuestiona la colocaci\u00f3n de tobillera electr\u00f3nica para vigilar la domiciliaria en el departamento.<\/p>\n\n\n\n<p>La defensa argumenta que, ante \u00abla trascendencia que reviste la resoluci\u00f3n puesta en crisis, la misma debe ser objeto de un control judicial amplio por parte de un tribunal superior, con el fin de salvaguardar la garant\u00eda del doble conforme\u00bb.<\/p>\n\n\n\n<p>En cuanto a la tobillera destaca que, al pon\u00e9rsela la ex presidenta, \u00abse ha efectuado una err\u00f3nea interpretaci\u00f3n de la ley sustantiva, en particular, en lo que refiere al art. 33 de la Ley de Ejecuci\u00f3n Penal y los supuestos en los que procede o no la implementaci\u00f3n de un dispositivo de monitoreo electr\u00f3nico\u00bb.<\/p>\n\n\n\n<p>Los jueces del TOF2 Jorge Gorini, Rodrigo Gim\u00e9nez Uriburu y Andr\u00e9s Basso concedieron los dos recursos de apelaci\u00f3n que ahora analizar\u00e1 Casaci\u00f3n.<\/p>\n","protected":false},"excerpt":{"rendered":"<p>El Tribunal Oral que conden&oacute; a la ex presidenta Cristina Kirchner en la causa Vialidad, concedi&oacute; las apelaciones de la fiscal&iacute;a contra el beneficio de la prisi&oacute;n domiciliaria y de la defensa por la colocaci&oacute;n de tobillera electr&oacute;nica, de este modo ambos temas quedaron en condiciones de ser revisados por la C&aacute;mara Federal de Casaci&oacute;n. [&hellip;]<\/p>\n","protected":false},"author":2,"featured_media":13424,"comment_status":"open","ping_status":"open","sticky":false,"template":"","format":"standard","meta":{"footnotes":""},"categories":[979,5],"tags":[3651,518,1792,6206,6207],"class_list":["post-13423","post","type-post","status-publish","format-standard","has-post-thumbnail","hentry","category-judiciales","category-nacionales","tag-casacion","tag-cristina-kirchner","tag-electronica","tag-lula-sa-silva","tag-tobillera"],"_links":{"self":[{"href":"https:\/\/partediario.com.ar\/index.php?rest_route=\/wp\/v2\/posts\/13423","targetHints":{"allow":["GET"]}}],"collection":[{"href":"https:\/\/partediario.com.ar\/index.php?rest_route=\/wp\/v2\/posts"}],"about":[{"href":"https:\/\/partediario.com.ar\/index.php?rest_route=\/wp\/v2\/types\/post"}],"author":[{"embeddable":true,"href":"https:\/\/partediario.com.ar\/index.php?rest_route=\/wp\/v2\/users\/2"}],"replies":[{"embeddable":true,"href":"https:\/\/partediario.com.ar\/index.php?rest_route=%2Fwp%2Fv2%2Fcomments&post=13423"}],"version-history":[{"count":1,"href":"https:\/\/partediario.com.ar\/index.php?rest_route=\/wp\/v2\/posts\/13423\/revisions"}],"predecessor-version":[{"id":13425,"href":"https:\/\/partediario.com.ar\/index.php?rest_route=\/wp\/v2\/posts\/13423\/revisions\/13425"}],"wp:featuredmedia":[{"embeddable":true,"href":"https:\/\/partediario.com.ar\/index.php?rest_route=\/wp\/v2\/media\/13424"}],"wp:attachment":[{"href":"https:\/\/partediario.com.ar\/index.php?rest_route=%2Fwp%2Fv2%2Fmedia&parent=13423"}],"wp:term":[{"taxonomy":"category","embeddable":true,"href":"https:\/\/partediario.com.ar\/index.php?rest_route=%2Fwp%2Fv2%2Fcategories&post=13423"},{"taxonomy":"post_tag","embeddable":true,"href":"https:\/\/partediario.com.ar\/index.php?rest_route=%2Fwp%2Fv2%2Ftags&post=13423"}],"curies":[{"name":"wp","href":"https:\/\/api.w.org\/{rel}","templated":true}]}}