{"id":13436,"date":"2025-07-02T21:48:51","date_gmt":"2025-07-03T00:48:51","guid":{"rendered":"https:\/\/partediario.com.ar\/?p=13436"},"modified":"2025-07-03T11:39:19","modified_gmt":"2025-07-03T14:39:19","slug":"ola-polar-masivos-cortes-de-luz-y-se-frena-el-suministro-de-gnc-en-las-estaciones","status":"publish","type":"post","link":"https:\/\/partediario.com.ar\/?p=13436","title":{"rendered":"Ola polar: masivos cortes de luz y se frena el suministro de GNC en las estaciones"},"content":{"rendered":"\n<h2 class=\"wp-block-heading\">La ola de fr\u00edo polar contin\u00faa en el \u00c1rea Metropolitana de Buenos Aires (AMBA) y las temperaturas extremas continuar\u00e1n hasta la semana entrante, al tiempo que se cort\u00f3 el suministro de GNC para abastecer a los hogares, donde miles de usuarios no tuvieron luz.<\/h2>\n\n\n\n<p>Durante la jornada de este mi\u00e9rcoles, se registraron m\u00ednimas que se situaban debajo de los 0 grados en varias localidades del conurbano bonaerense y en la Ciudad de Buenos Aires hubo temperaturas que no llegaban a los 10 grados.<\/p>\n\n\n\n<p>Alrededor de 8 mil usuarios se vieron afectados por los cortes del suministro el\u00e9ctrico como consecuencia de las heladas en Capital Federal y en los partidos de Berazategui, Quilmes, La Matanza, Mor\u00f3n, Tigre, Avellaneda y Almirante Brown, de acuerdo a lo indicado por el Edenor y Edesur.<\/p>\n\n\n\n<p>Tambi\u00e9n se interrumpi\u00f3 el servicio de GNC por 24 horas en las estaciones de servicio en varias provincias.<\/p>\n\n\n\n<p>De acuerdo al reporte diario del sistema que publica Enargas, se observa que la demanda prioritaria est\u00e1 por encima del promedio debido a las bajas temperaturas, por lo que se deber\u00e1 priorizar el suministro para el uso dom\u00e9stico, hospitales, escuelas, y otros servicios cr\u00edticos.<\/p>\n\n\n\n<p>El pron\u00f3stico emitido por el Servicio Meteorol\u00f3gico Nacional (SMN) inform\u00f3 que la ola polar permanecer\u00e1 hasta el lunes 7 de julio dado que las temperaturas oscilar\u00e1n entre los 2 y los 14 grados.<\/p>\n\n\n\n<p>Para este jueves se aguarda una ma\u00f1ana helada con el cielo despejado y una tarde nublada, con una m\u00e1xima de 13 grados, al tiempo que el viernes estar\u00e1 nublado, sin precipitaciones, y el term\u00f3metro se situar\u00e1 en torno a los 6 y 13 grados.<\/p>\n\n\n\n<p>Para el s\u00e1bado y el domingo, el cielo seguir\u00e1 totalmente nublado, aunque tampoco habr\u00e1 lluvias, pero el fr\u00edo continuar\u00e1 con m\u00ednimas de 7 y 8 grados, respectivamente.<\/p>\n\n\n\n<p><\/p>\n","protected":false},"excerpt":{"rendered":"<p>La ola de fr&iacute;o polar contin&uacute;a en el &Aacute;rea Metropolitana de Buenos Aires (AMBA) y las temperaturas extremas continuar&aacute;n hasta la semana entrante, al tiempo que se cort&oacute; el suministro de GNC para abastecer a los hogares, donde miles de usuarios no tuvieron luz. Durante la jornada de este mi&eacute;rcoles, se registraron m&iacute;nimas que se [&hellip;]<\/p>\n","protected":false},"author":2,"featured_media":13437,"comment_status":"open","ping_status":"open","sticky":false,"template":"","format":"standard","meta":{"footnotes":""},"categories":[5,726],"tags":[2186,1628,6214,1046,6212,6213],"class_list":["post-13436","post","type-post","status-publish","format-standard","has-post-thumbnail","hentry","category-nacionales","category-sociedad","tag-amba","tag-cortes","tag-gnc","tag-luz","tag-ola-polar","tag-sumistros"],"_links":{"self":[{"href":"https:\/\/partediario.com.ar\/index.php?rest_route=\/wp\/v2\/posts\/13436","targetHints":{"allow":["GET"]}}],"collection":[{"href":"https:\/\/partediario.com.ar\/index.php?rest_route=\/wp\/v2\/posts"}],"about":[{"href":"https:\/\/partediario.com.ar\/index.php?rest_route=\/wp\/v2\/types\/post"}],"author":[{"embeddable":true,"href":"https:\/\/partediario.com.ar\/index.php?rest_route=\/wp\/v2\/users\/2"}],"replies":[{"embeddable":true,"href":"https:\/\/partediario.com.ar\/index.php?rest_route=%2Fwp%2Fv2%2Fcomments&post=13436"}],"version-history":[{"count":1,"href":"https:\/\/partediario.com.ar\/index.php?rest_route=\/wp\/v2\/posts\/13436\/revisions"}],"predecessor-version":[{"id":13438,"href":"https:\/\/partediario.com.ar\/index.php?rest_route=\/wp\/v2\/posts\/13436\/revisions\/13438"}],"wp:featuredmedia":[{"embeddable":true,"href":"https:\/\/partediario.com.ar\/index.php?rest_route=\/wp\/v2\/media\/13437"}],"wp:attachment":[{"href":"https:\/\/partediario.com.ar\/index.php?rest_route=%2Fwp%2Fv2%2Fmedia&parent=13436"}],"wp:term":[{"taxonomy":"category","embeddable":true,"href":"https:\/\/partediario.com.ar\/index.php?rest_route=%2Fwp%2Fv2%2Fcategories&post=13436"},{"taxonomy":"post_tag","embeddable":true,"href":"https:\/\/partediario.com.ar\/index.php?rest_route=%2Fwp%2Fv2%2Ftags&post=13436"}],"curies":[{"name":"wp","href":"https:\/\/api.w.org\/{rel}","templated":true}]}}