{"id":13450,"date":"2025-07-03T11:39:01","date_gmt":"2025-07-03T14:39:01","guid":{"rendered":"https:\/\/partediario.com.ar\/?p=13450"},"modified":"2025-07-05T10:05:34","modified_gmt":"2025-07-05T13:05:34","slug":"iglesias-pide-que-se-sancione-a-las-diputadas-que-increparon-a-espert","status":"publish","type":"post","link":"https:\/\/partediario.com.ar\/?p=13450","title":{"rendered":"Iglesias pide que se sancione a las diputadas que increparon a Espert"},"content":{"rendered":"\n<h2 class=\"wp-block-heading\">El diputado nacional Fernando Iglesias (PRO), solicit\u00f3 hoy que la C\u00e1mara baja sancione a las diputadas de Uni\u00f3n por la Patria que, al finalizar la sesi\u00f3n de ayer, increparon e insultaron al presidente de la Comisi\u00f3n de Presupuesto y Hacienda, Jos\u00e9 Luis Espert.<\/h2>\n\n\n\n<p>Iglesias indic\u00f3 que se debe sancionar \u201cde oficio\u201d a las legisladoras que increparon a Espert, aunque admiti\u00f3 que para que la pena sea efectiva \u201cse debe votar\u201d en ese cuerpo legislativo, y \u201ccon los votos casi nunca llegas\u201d porque Uni\u00f3n por la Patria \u201ces el bloque m\u00e1s grande\u201d.<\/p>\n\n\n\n<p>En declaraciones radiales, el diputado, que estaba a escasos metros de donde se produjeron los incidentes, relat\u00f3 que \u201cestuvieron provoc\u00e1ndolo a Espert\u201d y eran \u201ctodas chicas\u201d, lo que consider\u00f3 una maniobra preparada de antemano.<\/p>\n\n\n\n<p>\u201cTodas chicas eran, le hac\u00edan gestos con los dedos a dos cent\u00edmetros de la cara de Espert, y si Espert reaccionaba mal, empezamos con el feminismo y el machirulo, y la violencia y qu\u00e9 s\u00e9 yo\u201d, apunt\u00f3.<\/p>\n\n\n\n<p>A juicio de Iglesias, el peronismo \u201cest\u00e1 perdiendo el control\u201d y \u201cse ha transformado en el trotskismo por el nivel de locura de los discursos. Obviamente, todo el tiempo con la prisi\u00f3n de Cristina, con los cartelitos de &#8216;Cristina Libre&#8217;. Estaban descontrolados\u201d, expres\u00f3.<\/p>\n\n\n\n<p>Y agreg\u00f3 que: \u201cA m\u00ed un poco me indigna cuando veo algunos titulares period\u00edsticos. Esc\u00e1ndalo en Diputados, dicen, no fue un esc\u00e1ndalo en Diputados, fue una agresi\u00f3n de una parte del bloque peronista al Bloque de la Libertad Avanza\u201d.<\/p>\n\n\n\n<p>Iglesias se\u00f1al\u00f3 que este incidente demuestra \u201cun estado de desesperaci\u00f3n de quienes ven que van a se enfrentan a una elecci\u00f3n desastrosa\u201d en los comicios de este a\u00f1o, \u201ccon su l\u00edder principal presa, y bien presa que est\u00e1, eh, y est\u00e1n perdiendo absolutamente el control\u201d.<\/p>\n\n\n\n<p>El legislador del PRO se\u00f1al\u00f3 a modo de finalizaci\u00f3n: \u201chay que reconocerle a Espert, con el que tengo a veces muchas diferencias de enfoque, que supo mantener la calma\u201d.<\/p>\n","protected":false},"excerpt":{"rendered":"<p>El diputado nacional Fernando Iglesias (PRO), solicit&oacute; hoy que la C&aacute;mara baja sancione a las diputadas de Uni&oacute;n por la Patria que, al finalizar la sesi&oacute;n de ayer, increparon e insultaron al presidente de la Comisi&oacute;n de Presupuesto y Hacienda, Jos&eacute; Luis Espert. Iglesias indic&oacute; que se debe sancionar &ldquo;de oficio&rdquo; a las legisladoras que [&hellip;]<\/p>\n","protected":false},"author":2,"featured_media":13451,"comment_status":"open","ping_status":"open","sticky":false,"template":"","format":"standard","meta":{"footnotes":""},"categories":[5,176],"tags":[474,310,6217,1302],"class_list":["post-13450","post","type-post","status-publish","format-standard","has-post-thumbnail","hentry","category-nacionales","category-politica","tag-agresion","tag-diputados","tag-fernando-iglesias","tag-jose-luis-espert"],"_links":{"self":[{"href":"https:\/\/partediario.com.ar\/index.php?rest_route=\/wp\/v2\/posts\/13450","targetHints":{"allow":["GET"]}}],"collection":[{"href":"https:\/\/partediario.com.ar\/index.php?rest_route=\/wp\/v2\/posts"}],"about":[{"href":"https:\/\/partediario.com.ar\/index.php?rest_route=\/wp\/v2\/types\/post"}],"author":[{"embeddable":true,"href":"https:\/\/partediario.com.ar\/index.php?rest_route=\/wp\/v2\/users\/2"}],"replies":[{"embeddable":true,"href":"https:\/\/partediario.com.ar\/index.php?rest_route=%2Fwp%2Fv2%2Fcomments&post=13450"}],"version-history":[{"count":1,"href":"https:\/\/partediario.com.ar\/index.php?rest_route=\/wp\/v2\/posts\/13450\/revisions"}],"predecessor-version":[{"id":13452,"href":"https:\/\/partediario.com.ar\/index.php?rest_route=\/wp\/v2\/posts\/13450\/revisions\/13452"}],"wp:featuredmedia":[{"embeddable":true,"href":"https:\/\/partediario.com.ar\/index.php?rest_route=\/wp\/v2\/media\/13451"}],"wp:attachment":[{"href":"https:\/\/partediario.com.ar\/index.php?rest_route=%2Fwp%2Fv2%2Fmedia&parent=13450"}],"wp:term":[{"taxonomy":"category","embeddable":true,"href":"https:\/\/partediario.com.ar\/index.php?rest_route=%2Fwp%2Fv2%2Fcategories&post=13450"},{"taxonomy":"post_tag","embeddable":true,"href":"https:\/\/partediario.com.ar\/index.php?rest_route=%2Fwp%2Fv2%2Ftags&post=13450"}],"curies":[{"name":"wp","href":"https:\/\/api.w.org\/{rel}","templated":true}]}}