{"id":13459,"date":"2025-07-05T09:51:32","date_gmt":"2025-07-05T12:51:32","guid":{"rendered":"https:\/\/partediario.com.ar\/?p=13459"},"modified":"2025-07-06T19:43:05","modified_gmt":"2025-07-06T22:43:05","slug":"gobernadores-patagonicos-ratificaron-ampliacion-de-gasoducto-cordillerano-y-ponderaron-el-rol-de-la-region","status":"publish","type":"post","link":"https:\/\/partediario.com.ar\/?p=13459","title":{"rendered":"Gobernadores patag\u00f3nicos ratificaron ampliaci\u00f3n de Gasoducto Cordillerano y ponderaron el rol de la regi\u00f3n"},"content":{"rendered":"\n<h2 class=\"wp-block-heading\">Los mandatarios de Chubut, Ignacio \u201cNacho\u201d Torres; de R\u00edo Negro, Alberto Weretilneck; y de Neuqu\u00e9n, Rolando Figueroa, encabezaron este viernes en Rawson el acto de inicio de la obra de ampliaci\u00f3n del Gasoducto Cordillerano Patag\u00f3nico, iniciativa clave para mejorar el suministro de gas en la regi\u00f3n.<\/h2>\n\n\n\n<p>El proyecto contempla la instalaci\u00f3n de dos nuevas plantas compresoras en Gobernador Costa y Alto R\u00edo Senguer, con una inversi\u00f3n de 50 millones de d\u00f3lares, financiada en partes iguales por las tres provincias.<\/p>\n\n\n\n<p>El c\u00f3nclave, realizado en el Sal\u00f3n de los Constituyentes de la Casa de Gobierno chubutense, y cont\u00f3 con la presencia de autoridades provinciales, legisladores e intendentes de la Comarca Andina.<\/p>\n\n\n\n<p>\u201cLa obra est\u00e1 ejecutada en un 80% y ser\u00e1 finalizada en agosto. Esto es posible por una decisi\u00f3n pol\u00edtica y un esfuerzo conjunto de las provincias patag\u00f3nicas\u201d, afirm\u00f3 Torres, quien subray\u00f3 que esta ampliaci\u00f3n permitir\u00e1 una conexi\u00f3n efectiva con el Gasoducto San Mart\u00edn y resolver\u00e1 problemas hist\u00f3ricos de abastecimiento.<\/p>\n\n\n\n<p>El mandatario provincial destac\u00f3 adem\u00e1s el valor estrat\u00e9gico de la Patagonia, al expresar: \u201cProveemos la mayor parte del gas, el petr\u00f3leo y la energ\u00eda e\u00f3lica del pa\u00eds, pero a\u00fan hay pueblos sin acceso al gas. Es una injusticia que decidimos revertir\u201d.<\/p>\n\n\n\n<p>Weretilneck subray\u00f3 que \u201cla Patagonia es el coraz\u00f3n energ\u00e9tico del pa\u00eds\u201d y record\u00f3 que la regi\u00f3n produce el 98% del gas y el 97% del petr\u00f3leo nacional, adem\u00e1s de aportar gran parte de la energ\u00eda hidroel\u00e9ctrica y e\u00f3lica.<\/p>\n\n\n\n<p>\u201cEsta obra es una muestra concreta del trabajo silencioso y persistente de nuestras provincias\u201d, agreg\u00f3.<\/p>\n\n\n\n<p>Por su parte, Figueroa calific\u00f3 el proyecto como una \u201creivindicaci\u00f3n hist\u00f3rica\u201d y llam\u00f3 a la unidad regional para impulsar el desarrollo.<\/p>\n\n\n\n<p>\u201cLos patag\u00f3nicos hemos decidido pelear por nuestras provincias, convencidos de que el crecimiento del pa\u00eds depende de la energ\u00eda que nace en esta regi\u00f3n\u201d, destac\u00f3.<\/p>\n\n\n\n<p>La obra, ejecutada por Camuzzi Gas del Sur, permitir\u00e1 ampliar la capacidad de transporte de gas en 300 mil metros c\u00fabicos diarios, al pasar de 1.200.000 a 1.500.000 m\u00b3 en el Ramal Sur del gasoducto.<\/p>\n\n\n\n<p>De este modo, m\u00e1s de 12 mil viviendas, escuelas y hospitales podr\u00e1n acceder al servicio en el corto plazo, seg\u00fan se inform\u00f3 en un comunicado.<\/p>\n\n\n\n<p>Las plantas compresoras, trasladadas desde Rosario tras m\u00e1s de seis a\u00f1os fuera de servicio, comenzar\u00e1n a operar antes del invierno pr\u00f3ximo, con financiamiento gestionado a trav\u00e9s de los Bancos del Chubut y de Neuqu\u00e9n y autorizado por el Enargas.<\/p>\n\n\n\n<p>\u201cHoy el grito federal se escucha fuerte desde el sur del pa\u00eds\u201d, subray\u00f3 Torres, al ratificar el compromiso patag\u00f3nico con el desarrollo energ\u00e9tico y la equidad territorial.<\/p>\n","protected":false},"excerpt":{"rendered":"<p>Los mandatarios de Chubut, Ignacio &ldquo;Nacho&rdquo; Torres; de R&iacute;o Negro, Alberto Weretilneck; y de Neuqu&eacute;n, Rolando Figueroa, encabezaron este viernes en Rawson el acto de inicio de la obra de ampliaci&oacute;n del Gasoducto Cordillerano Patag&oacute;nico, iniciativa clave para mejorar el suministro de gas en la regi&oacute;n. El proyecto contempla la instalaci&oacute;n de dos nuevas plantas [&hellip;]<\/p>\n","protected":false},"author":2,"featured_media":13460,"comment_status":"open","ping_status":"open","sticky":false,"template":"","format":"standard","meta":{"footnotes":""},"categories":[176,8],"tags":[5187,6220,4180,1767,2413],"class_list":["post-13459","post","type-post","status-publish","format-standard","has-post-thumbnail","hentry","category-politica","category-provinciales","tag-alberto-weretilneck","tag-cordillerano","tag-gasoducto","tag-ignacio-torres","tag-rolando-figueroa"],"_links":{"self":[{"href":"https:\/\/partediario.com.ar\/index.php?rest_route=\/wp\/v2\/posts\/13459","targetHints":{"allow":["GET"]}}],"collection":[{"href":"https:\/\/partediario.com.ar\/index.php?rest_route=\/wp\/v2\/posts"}],"about":[{"href":"https:\/\/partediario.com.ar\/index.php?rest_route=\/wp\/v2\/types\/post"}],"author":[{"embeddable":true,"href":"https:\/\/partediario.com.ar\/index.php?rest_route=\/wp\/v2\/users\/2"}],"replies":[{"embeddable":true,"href":"https:\/\/partediario.com.ar\/index.php?rest_route=%2Fwp%2Fv2%2Fcomments&post=13459"}],"version-history":[{"count":1,"href":"https:\/\/partediario.com.ar\/index.php?rest_route=\/wp\/v2\/posts\/13459\/revisions"}],"predecessor-version":[{"id":13461,"href":"https:\/\/partediario.com.ar\/index.php?rest_route=\/wp\/v2\/posts\/13459\/revisions\/13461"}],"wp:featuredmedia":[{"embeddable":true,"href":"https:\/\/partediario.com.ar\/index.php?rest_route=\/wp\/v2\/media\/13460"}],"wp:attachment":[{"href":"https:\/\/partediario.com.ar\/index.php?rest_route=%2Fwp%2Fv2%2Fmedia&parent=13459"}],"wp:term":[{"taxonomy":"category","embeddable":true,"href":"https:\/\/partediario.com.ar\/index.php?rest_route=%2Fwp%2Fv2%2Fcategories&post=13459"},{"taxonomy":"post_tag","embeddable":true,"href":"https:\/\/partediario.com.ar\/index.php?rest_route=%2Fwp%2Fv2%2Ftags&post=13459"}],"curies":[{"name":"wp","href":"https:\/\/api.w.org\/{rel}","templated":true}]}}