{"id":13471,"date":"2025-07-06T19:16:25","date_gmt":"2025-07-06T22:16:25","guid":{"rendered":"https:\/\/partediario.com.ar\/?p=13471"},"modified":"2025-07-08T17:36:29","modified_gmt":"2025-07-08T20:36:29","slug":"controladores-aereos-resolvieron-realizar-nuevas-medidas-de-fuerza-en-dias-claves-de-las-vacaciones-de-invierno","status":"publish","type":"post","link":"https:\/\/partediario.com.ar\/?p=13471","title":{"rendered":"Controladores a\u00e9reos resolvieron realizar nuevas medidas de fuerza en d\u00edas claves de las vacaciones de invierno"},"content":{"rendered":"\n<h2 class=\"wp-block-heading\">Los controladores a\u00e9reos nucleados en la Asociaci\u00f3n T\u00e9cnicos y Empleados de Protecci\u00f3n y Seguridad a la Aeronavegaci\u00f3n (ATEPSA), dispusieron un cronograma de medidas de fuerza para julio, que afectan los fines de semana de las vacaciones de invierno.<\/h2>\n\n\n\n<p>El sindicato aeron\u00e1utico dio a concocer una serie de horarios y d\u00edas de las pr\u00f3ximas semanas en las que estar\u00e1n afectados los despegues de toda la aviaci\u00f3n en los distintos aeropuertos del pa\u00eds, en reclamo por un incremento salarial.<\/p>\n\n\n\n<p>La retenci\u00f3n de tareas ser\u00e1 a lo largo de julio, incluyendo los viernes 11, 18 y 25, el s\u00e1bado 12, los domingos 13, 20 y 27, el martes 15, el jueves 24 y el mi\u00e9rcoles 30. La nueva medida coincidir\u00e1 con d\u00edas claves del receso invernal, que a nivel escolar se desarrolla en las distintas semanas del mes dependiendo la provincia.<\/p>\n\n\n\n<p>En Chubut, C\u00f3rdoba, Entre R\u00edos, La Rioja, Mendoza, Neuqu\u00e9n, R\u00edo Negro, San Juan, San Luis, Santa Fe y Tucum\u00e1n las vacaciones se extienden del 7 al 18 de julio, en Catamarca, Corrientes, Formosa, Jujuy, La Pampa, Misiones, Salta, Santa Cruz y Tierra del Fuego descansan desde el 14 al 25 de julio y en Buenos Aires, CABA, Chaco y Santiago del Estero el receso va entre el 21 de julio y el 1 de agosto.<\/p>\n\n\n\n<p>Desde el gremio se\u00f1alan que el conflicto colectivo arrastra \u201c10 meses sin respuestas\u201d por parte de la Empresa Argentina de Navegaci\u00f3n A\u00e9rea (EANA), Administraci\u00f3n Nacional de la Aviaci\u00f3n Civil (ANAC) y la Subsecretar\u00eda de Transporte A\u00e9reo.<\/p>\n\n\n\n<p>Sobre el tema, denuncian que \u201cla autoridad aeron\u00e1utica contin\u00faa presentando informes tendenciosos y argumentos infundados, buscando deslegitimar las medidas de acci\u00f3n sindical y obstaculizar el leg\u00edtimo derecho constitucional a la huelga\u201d.<\/p>\n\n\n\n<p>En este contexto, anunciaron que \u201chabiendo agotado todas las instancias administrativas informamos que ratificamos el nuevo cronograma de medidas de fuerza y que el mismo comenzar\u00e1 el d\u00eda 11 de julio a partir de las 12:00 horas\u201d.<\/p>\n\n\n\n<p>El cese de actividades de los controladores a\u00e9reos afecta el despegue de aeronaves, lo que implica que se restringen las autorizaciones de aeronaves y veh\u00edculos en tierra y tampoco se recibir\u00e1n ni se transmitir\u00e1n planes vuelos.<\/p>\n\n\n\n<p>La medida no alcanza a todas las operaciones de aeronaves que eventualmente se declaren en emergencia, como aquellas que presten servicio sanitario, humanitario, de estado y\/o b\u00fasqueda y salvamento.<\/p>\n\n\n\n<p><strong>Cronograma de paros<\/strong><\/p>\n\n\n\n<ul class=\"wp-block-list\">\n<li>Viernes 11: 12:00 a 20:00<\/li>\n\n\n\n<li>S\u00e1bado 12: 15:00 a 23:00<\/li>\n\n\n\n<li>Domingo 13: 9:00 a 17:00<\/li>\n\n\n\n<li>Martes 15: 14:00 a 23:59<\/li>\n\n\n\n<li>Viernes 18: 16:00 a 02:00 (finaliza el 19\/7)<\/li>\n\n\n\n<li>Domingo 20: 12:00 a 22:00<\/li>\n\n\n\n<li>Jueves 24: 12:00 a 23:59<\/li>\n\n\n\n<li>Viernes 25: 06:00 a 18:00<\/li>\n\n\n\n<li>Domingo 27: 14:00 a 02:00 (finaliza el 28\/7)<\/li>\n\n\n\n<li>Mi\u00e9rcoles 30: 12:00 a 23:59<\/li>\n<\/ul>\n\n\n\n<p>Estas medidas de fuerza podr\u00edan no ser las \u00fanicas en el \u00e1mbito de la aviaci\u00f3n durante las vacaciones, ya que este jueves 10 de julio se llevar\u00e1 a cabo un plenario de dirigentes y delegados de los cinco gremios aeron\u00e1uticos (APLA, UPSA, APA, Aeronavegantes y ATEPSA) para \u201canalizar y coordinar acciones sindicales frente a pol\u00edticas actuales que amenazan gravemente la sostenibilidad del sistema aeron\u00e1utico nacional\u201d.<\/p>\n\n\n\n<p>Los sindicatos destacan que ante el actual panorama de la aviaci\u00f3n en el pa\u00eds \u201curge una respuesta colectiva, contundente y organizada\u201d y remarcan que \u201ceste plenario ser\u00e1 el espacio para trazar un plan de acci\u00f3n unificado en defensa de nuestra soberan\u00eda a\u00e9rea, nuestras fuentes laborales y la seguridad operacional\u201d.<\/p>\n","protected":false},"excerpt":{"rendered":"<p>Los controladores a&eacute;reos nucleados en la Asociaci&oacute;n T&eacute;cnicos y Empleados de Protecci&oacute;n y Seguridad a la Aeronavegaci&oacute;n (ATEPSA), dispusieron un cronograma de medidas de fuerza para julio, que afectan los fines de semana de las vacaciones de invierno. El sindicato aeron&aacute;utico dio a concocer una serie de horarios y d&iacute;as de las pr&oacute;ximas semanas en [&hellip;]<\/p>\n","protected":false},"author":2,"featured_media":13472,"comment_status":"open","ping_status":"open","sticky":false,"template":"","format":"standard","meta":{"footnotes":""},"categories":[978,5,176],"tags":[4200,4199,1186,1642],"class_list":["post-13471","post","type-post","status-publish","format-standard","has-post-thumbnail","hentry","category-gremiales","category-nacionales","category-politica","tag-aereos","tag-controladores","tag-fuerza","tag-medidas"],"_links":{"self":[{"href":"https:\/\/partediario.com.ar\/index.php?rest_route=\/wp\/v2\/posts\/13471","targetHints":{"allow":["GET"]}}],"collection":[{"href":"https:\/\/partediario.com.ar\/index.php?rest_route=\/wp\/v2\/posts"}],"about":[{"href":"https:\/\/partediario.com.ar\/index.php?rest_route=\/wp\/v2\/types\/post"}],"author":[{"embeddable":true,"href":"https:\/\/partediario.com.ar\/index.php?rest_route=\/wp\/v2\/users\/2"}],"replies":[{"embeddable":true,"href":"https:\/\/partediario.com.ar\/index.php?rest_route=%2Fwp%2Fv2%2Fcomments&post=13471"}],"version-history":[{"count":1,"href":"https:\/\/partediario.com.ar\/index.php?rest_route=\/wp\/v2\/posts\/13471\/revisions"}],"predecessor-version":[{"id":13473,"href":"https:\/\/partediario.com.ar\/index.php?rest_route=\/wp\/v2\/posts\/13471\/revisions\/13473"}],"wp:featuredmedia":[{"embeddable":true,"href":"https:\/\/partediario.com.ar\/index.php?rest_route=\/wp\/v2\/media\/13472"}],"wp:attachment":[{"href":"https:\/\/partediario.com.ar\/index.php?rest_route=%2Fwp%2Fv2%2Fmedia&parent=13471"}],"wp:term":[{"taxonomy":"category","embeddable":true,"href":"https:\/\/partediario.com.ar\/index.php?rest_route=%2Fwp%2Fv2%2Fcategories&post=13471"},{"taxonomy":"post_tag","embeddable":true,"href":"https:\/\/partediario.com.ar\/index.php?rest_route=%2Fwp%2Fv2%2Ftags&post=13471"}],"curies":[{"name":"wp","href":"https:\/\/api.w.org\/{rel}","templated":true}]}}