{"id":13497,"date":"2025-07-07T10:14:10","date_gmt":"2025-07-07T13:14:10","guid":{"rendered":"https:\/\/partediario.com.ar\/?p=13497"},"modified":"2025-07-08T17:35:49","modified_gmt":"2025-07-08T20:35:49","slug":"la-justicia-revisa-la-prision-domiciliaria-de-cristina-kirchner-en-una-audiencia-trascendental","status":"publish","type":"post","link":"https:\/\/partediario.com.ar\/?p=13497","title":{"rendered":"La Justicia revisa la prisi\u00f3n domiciliaria de Cristina Kirchner en una audiencia trascendental"},"content":{"rendered":"\n<h2 class=\"wp-block-heading\">La C\u00e1mara Federal de Casaci\u00f3n Penal evaluar\u00e1 junto a un equipo interdisciplinario la situaci\u00f3n judicial de la ex presidenta Cristina Kirchner, quien se encuentra cumpliendo prisi\u00f3n domiciliaria luego de ser condenada a seis a\u00f1os en la causa Vialidad.<\/h2>\n\n\n\n<p>Fuentes judiciales se\u00f1alaron que Casaci\u00f3n llevar\u00e1 adelante una audiencia clave que estar\u00e1 encabezado por los jueces Mariano Borinsky, Gustavo Hornos y Diego Barroetave\u00f1a, que contar\u00e1 con la presencia de todas las partes involucradas y que se desarrollar\u00e1 para revisar las condiciones en las que la ex vicepresidenta cumple su condena.<\/p>\n\n\n\n<p>Simult\u00e1neamente, Cristina Kirchner ser\u00e1 entrevistada en su domicilio de la calle San Jos\u00e9 1111, en el barrio porte\u00f1o de Constituci\u00f3n, por un equipo interdisciplinario integrado por psic\u00f3logos y asistentes sociales cuya evaluaci\u00f3n busca determinar c\u00f3mo se adapta al r\u00e9gimen de prisi\u00f3n domiciliaria y si existen efectos negativos relacionados con el uso de la tobillera electr\u00f3nica.<\/p>\n\n\n\n<p>Seg\u00fan se precis\u00f3, los especialistas tendr\u00e1n que elaborar un informe detallado el cual posteriormente debe ser enviado a los jueces de Casaci\u00f3n y al Tribunal Oral Federal N\u00b02 que tiene a cargo la ejecuci\u00f3n de la sentencia. Entre otros detalles, se evaluar\u00e1 el estado emocional y f\u00edsico de la ex vicepresidenta, as\u00ed como el correcto funcionamiento del dispositivo de control electr\u00f3nico.<\/p>\n\n\n\n<p>La ex presidente cumple con la prisi\u00f3n domiciliaria que fue dispuesta por el TOF 2, integrado por los jueces Jorge Gorini, Rodrigo Gim\u00e9nez Uriburu y Andr\u00e9s Basso y, adem\u00e1s del uso de la tobillera electr\u00f3nica, el tribunal fij\u00f3 una serie de pautas que limitan las visitas a un grupo reducido de personas: abogados, m\u00e9dicos y familiares cercanos.<\/p>\n","protected":false},"excerpt":{"rendered":"<p>La C&aacute;mara Federal de Casaci&oacute;n Penal evaluar&aacute; junto a un equipo interdisciplinario la situaci&oacute;n judicial de la ex presidenta Cristina Kirchner, quien se encuentra cumpliendo prisi&oacute;n domiciliaria luego de ser condenada a seis a&ntilde;os en la causa Vialidad. Fuentes judiciales se&ntilde;alaron que Casaci&oacute;n llevar&aacute; adelante una audiencia clave que estar&aacute; encabezado por los jueces Mariano [&hellip;]<\/p>\n","protected":false},"author":2,"featured_media":13498,"comment_status":"open","ping_status":"open","sticky":false,"template":"","format":"standard","meta":{"footnotes":""},"categories":[979,5,176],"tags":[6281,518,6144,772,368,6280],"class_list":["post-13497","post","type-post","status-publish","format-standard","has-post-thumbnail","hentry","category-judiciales","category-nacionales","category-politica","tag-casacion-penal","tag-cristina-kirchner","tag-domiciliaria","tag-justicia","tag-prision","tag-revision"],"_links":{"self":[{"href":"https:\/\/partediario.com.ar\/index.php?rest_route=\/wp\/v2\/posts\/13497","targetHints":{"allow":["GET"]}}],"collection":[{"href":"https:\/\/partediario.com.ar\/index.php?rest_route=\/wp\/v2\/posts"}],"about":[{"href":"https:\/\/partediario.com.ar\/index.php?rest_route=\/wp\/v2\/types\/post"}],"author":[{"embeddable":true,"href":"https:\/\/partediario.com.ar\/index.php?rest_route=\/wp\/v2\/users\/2"}],"replies":[{"embeddable":true,"href":"https:\/\/partediario.com.ar\/index.php?rest_route=%2Fwp%2Fv2%2Fcomments&post=13497"}],"version-history":[{"count":1,"href":"https:\/\/partediario.com.ar\/index.php?rest_route=\/wp\/v2\/posts\/13497\/revisions"}],"predecessor-version":[{"id":13499,"href":"https:\/\/partediario.com.ar\/index.php?rest_route=\/wp\/v2\/posts\/13497\/revisions\/13499"}],"wp:featuredmedia":[{"embeddable":true,"href":"https:\/\/partediario.com.ar\/index.php?rest_route=\/wp\/v2\/media\/13498"}],"wp:attachment":[{"href":"https:\/\/partediario.com.ar\/index.php?rest_route=%2Fwp%2Fv2%2Fmedia&parent=13497"}],"wp:term":[{"taxonomy":"category","embeddable":true,"href":"https:\/\/partediario.com.ar\/index.php?rest_route=%2Fwp%2Fv2%2Fcategories&post=13497"},{"taxonomy":"post_tag","embeddable":true,"href":"https:\/\/partediario.com.ar\/index.php?rest_route=%2Fwp%2Fv2%2Ftags&post=13497"}],"curies":[{"name":"wp","href":"https:\/\/api.w.org\/{rel}","templated":true}]}}