{"id":13524,"date":"2025-07-08T16:56:53","date_gmt":"2025-07-08T19:56:53","guid":{"rendered":"https:\/\/partediario.com.ar\/?p=13524"},"modified":"2025-07-09T14:23:41","modified_gmt":"2025-07-09T17:23:41","slug":"nacion-cada-vez-se-lleva-mas-recursos-y-no-reparte-nada-afirmo-pablo-javkin","status":"publish","type":"post","link":"https:\/\/partediario.com.ar\/?p=13524","title":{"rendered":"Naci\u00f3n \u201ccada vez se lleva m\u00e1s recursos y no reparte nada\u201d, afirm\u00f3 Pablo Javkin"},"content":{"rendered":"\n<h2 class=\"wp-block-heading\">El intendente de Rosario, Pablo Javkin, asever\u00f3 hoy que en la Argentina actual \u201cla Naci\u00f3n cada vez se lleva m\u00e1s recursos y no reparte nada\u201d con las provincias, y se\u00f1al\u00f3 que si se cierra Vialidad Nacional nadie har\u00e1 el mantenimiento de las rutas nacionales y el resultado es que \u201caumentan los siniestros y muera gente\u201d.<\/h2>\n\n\n\n<p>\u201cEl Gobierno quiere cambiar Vialidad, que haga lo que le parezca, tiene facultades para hacerlo, pero ac\u00e1 nadie est\u00e1 diciendo qui\u00e9n va a hacer el laburo, qui\u00e9n va a cortar los yuyos y qui\u00e9n va a cambiar las lamparitas. Eso no lo dice nadie\u201d, apunt\u00f3 Javkin, integrante del frente Unidos para Cambiar Santa Fe, que lidera el gobernador Maximiliano Pullaro, lo hizo en declaraciones a la radio LT3 de Rosario.<\/p>\n\n\n\n<p>El intendente confirm\u00f3 que participar\u00e1 hoy en la Capital Federal de una reuni\u00f3n convocada por la Comisi\u00f3n de Asuntos Municipales de la C\u00e1mara de Diputados, para apoyar los proyectos consensuados por todos los gobernadores para redefinir el reparto de fondos coparticipables y de los Aportes del Tesoro Nacional (ATN).<\/p>\n\n\n\n<p>El primer proyecto plantea eliminar fideicomisos y fondos \u201cpoco transparentes\u201d que se financian con el Impuesto a los Combustibles L\u00edquidos (ICL), y que ese dinero se destine a las provincias para afrontar gastos de obras, especialmente viales.<\/p>\n\n\n\n<p>El segundo proyecto, que complementa al primero, propicia a\u00f1adir un nuevo art\u00edculo a la Ley 11.672 para establecer que los recursos del Fondo de Aportes del Tesoro Nacional se distribuyan de forma similar a la coparticipaci\u00f3n y su distribuci\u00f3n sea diaria y autom\u00e1tica.<\/p>\n\n\n\n<p>Javkin se\u00f1al\u00f3 que desde el Gobierno nacional \u201ccada vez se llevan m\u00e1s recursos y hacen menos\u201d, afirm\u00f3 que \u201ceso no es equilibrar las cuentas\u201d y recalc\u00f3: \u201ccolaborar por supuesto, pero que te tomen de pavo no, porque a m\u00ed en eso no me van a correr\u201d, destac\u00f3.<\/p>\n\n\n\n<p>El intendente rosarino puso \u00e9nfasis que \u201cno hay ni una ruta concesionada. No hay un c\u00e9sped cortado. No hay. Hemos tenido que ir a la justicia. La mitad de las l\u00e1mparas no funcionan. \u00bfY cu\u00e1l es la consecuencia de eso? Suben los accidentes y muere m\u00e1s gente, eso es lo que est\u00e1 pasando\u201d, concluy\u00f3.<\/p>\n","protected":false},"excerpt":{"rendered":"<p>El intendente de Rosario, Pablo Javkin, asever&oacute; hoy que en la Argentina actual &ldquo;la Naci&oacute;n cada vez se lleva m&aacute;s recursos y no reparte nada&rdquo; con las provincias, y se&ntilde;al&oacute; que si se cierra Vialidad Nacional nadie har&aacute; el mantenimiento de las rutas nacionales y el resultado es que &ldquo;aumentan los siniestros y muera gente&rdquo;. [&hellip;]<\/p>\n","protected":false},"author":2,"featured_media":13525,"comment_status":"open","ping_status":"open","sticky":false,"template":"","format":"standard","meta":{"footnotes":""},"categories":[5,176],"tags":[332,6299,6301],"class_list":["post-13524","post","type-post","status-publish","format-standard","has-post-thumbnail","hentry","category-nacionales","category-politica","tag-nacion","tag-pablo-javkin","tag-recursos"],"_links":{"self":[{"href":"https:\/\/partediario.com.ar\/index.php?rest_route=\/wp\/v2\/posts\/13524","targetHints":{"allow":["GET"]}}],"collection":[{"href":"https:\/\/partediario.com.ar\/index.php?rest_route=\/wp\/v2\/posts"}],"about":[{"href":"https:\/\/partediario.com.ar\/index.php?rest_route=\/wp\/v2\/types\/post"}],"author":[{"embeddable":true,"href":"https:\/\/partediario.com.ar\/index.php?rest_route=\/wp\/v2\/users\/2"}],"replies":[{"embeddable":true,"href":"https:\/\/partediario.com.ar\/index.php?rest_route=%2Fwp%2Fv2%2Fcomments&post=13524"}],"version-history":[{"count":1,"href":"https:\/\/partediario.com.ar\/index.php?rest_route=\/wp\/v2\/posts\/13524\/revisions"}],"predecessor-version":[{"id":13526,"href":"https:\/\/partediario.com.ar\/index.php?rest_route=\/wp\/v2\/posts\/13524\/revisions\/13526"}],"wp:featuredmedia":[{"embeddable":true,"href":"https:\/\/partediario.com.ar\/index.php?rest_route=\/wp\/v2\/media\/13525"}],"wp:attachment":[{"href":"https:\/\/partediario.com.ar\/index.php?rest_route=%2Fwp%2Fv2%2Fmedia&parent=13524"}],"wp:term":[{"taxonomy":"category","embeddable":true,"href":"https:\/\/partediario.com.ar\/index.php?rest_route=%2Fwp%2Fv2%2Fcategories&post=13524"},{"taxonomy":"post_tag","embeddable":true,"href":"https:\/\/partediario.com.ar\/index.php?rest_route=%2Fwp%2Fv2%2Ftags&post=13524"}],"curies":[{"name":"wp","href":"https:\/\/api.w.org\/{rel}","templated":true}]}}