{"id":13527,"date":"2025-07-08T17:02:00","date_gmt":"2025-07-08T20:02:00","guid":{"rendered":"https:\/\/partediario.com.ar\/?p=13527"},"modified":"2025-07-09T14:23:38","modified_gmt":"2025-07-09T17:23:38","slug":"la-acusacion-de-un-diputado-del-pro-al-kirchnerismo-buscan-desestabilizar-al-gobierno-dijo","status":"publish","type":"post","link":"https:\/\/partediario.com.ar\/?p=13527","title":{"rendered":"La acusaci\u00f3n de un diputado del PRO al kirchnerismo: \u201cBuscan desestabilizar al Gobierno\u201d, dijo"},"content":{"rendered":"\n<h2 class=\"wp-block-heading\">El diputado del PRO Alejandro Finocchiaro acus\u00f3 al kirchnerismo de querer \u00abdesestabilizar\u00bb al Gobierno Nacional por medio de la econom\u00eda, y de buscar golpearlo en el Congreso Nacional.<\/h2>\n\n\n\n<p>\u00abHace unos cuantos meses que el kirchnerismo y los eventuales aliados que va recolectando por cada tema, han decidido golpear al Gobierno e intentan desestabilizarlo a trav\u00e9s de la econom\u00eda\u00bb, expres\u00f3 en declaraciones radiales.<\/p>\n\n\n\n<p>Asimismo, plante\u00f3: \u00abCon una habilidad que siempre tuvieron, la misma habilidad de Cristina (Fern\u00e1ndez de Kirchner) disfrazada de viuda negra en el 2011, atraen temas nobles para intentar causar da\u00f1o fiscal al gobierno\u00bb, apunt\u00f3.<\/p>\n\n\n\n<p>Para Finocchiaro la sesi\u00f3n que aprob\u00f3 el aumento de las jubilaciones y la renovaci\u00f3n la moratoria previsional, que defini\u00f3 como temas que el Poder Ejecutivo \u00abdebe atender\u00bb, le generan al Gobierno \u00abun agujero fiscal de tres puntos y medio del PBI\u00bb.<\/p>\n\n\n\n<p>\u00abLo del financiamiento universitario, soy profesor universitario, es un tema que hay que atender, pero tambi\u00e9n es verdad que no pod\u00e9s llevar una paritaria al Congreso de la Naci\u00f3n\u00bb, asegur\u00f3, y a\u00f1adi\u00f3: \u00abPrimero, porque se vulnera la Constituci\u00f3n Nacional y los tratados con la Organizaci\u00f3n Internacional del Trabajo, y entonces le quit\u00e1s a las partes autonom\u00eda y voluntad\u00bb<\/p>\n\n\n\n<p>El legislador revel\u00f3 adem\u00e1s que el Poder Ejecutivo trabaja en conquistar las voluntades en el Congreso para sostener el veto, en caso de que los proyectos se aprueben, y cuestion\u00f3 la intencionalidad de la oposici\u00f3n.<\/p>\n\n\n\n<p>\u00abEst\u00e1n tensionando las cosas porque est\u00e1n votando cuestiones que no se pueden pagar\u00bb, remarc\u00f1o el diputado, y acot\u00f3: \u00abEst\u00e1 el kirchnerismo, est\u00e1 el radicalismo de Manes, est\u00e1 la Coalici\u00f3n C\u00edvica, y grupos menores, van a tener adem\u00e1s una mayor\u00eda tranquila. El tema es la responsabilidad de lo que se hace porque hay que preguntarles si ellos estuviesen gobernando si mandar\u00edan a sus diputados a votar esa ley\u00bb.<\/p>\n\n\n\n<p>En otro momento de la entrevista, Finocchiaro ponder\u00f3 las pol\u00edticas de desregulaci\u00f3n que impulsa el ministro de Desregulaci\u00f3n y Transformaci\u00f3n, Federico Sturzenegger, y plante\u00f3 la necesidad de bajar impuestos.<\/p>\n\n\n\n<p>\u00ab\u00bfSab\u00e9s cu\u00e1l es el tama\u00f1o ideal del Estado? Es el tama\u00f1o donde el Estado sea eficiente de acuerdo a los impuestos que cobre y los servicios que brinda\u00bb, asegur\u00f3, y finaliz\u00f3: \u00abEntonces, si ten\u00e9s una buena educaci\u00f3n, una buena salud, seguridad, justicia, si te brindan los servicios b\u00e1sicos que debe brindar el Estado y te cobran los impuestos adecuados, ese es el tama\u00f1o ideal\u00bb.<\/p>\n","protected":false},"excerpt":{"rendered":"<p>El diputado del PRO Alejandro Finocchiaro acus&oacute; al kirchnerismo de querer &laquo;desestabilizar&raquo; al Gobierno Nacional por medio de la econom&iacute;a, y de buscar golpearlo en el Congreso Nacional. &laquo;Hace unos cuantos meses que el kirchnerismo y los eventuales aliados que va recolectando por cada tema, han decidido golpear al Gobierno e intentan desestabilizarlo a trav&eacute;s [&hellip;]<\/p>\n","protected":false},"author":2,"featured_media":13528,"comment_status":"open","ping_status":"open","sticky":false,"template":"","format":"standard","meta":{"footnotes":""},"categories":[176],"tags":[5457,6302,2394,224,2440,2062],"class_list":["post-13527","post","type-post","status-publish","format-standard","has-post-thumbnail","hentry","category-politica","tag-alejandro-finocchiaro","tag-desetabilizacion","tag-diputado","tag-gobierno","tag-kirchnerismo","tag-pro"],"_links":{"self":[{"href":"https:\/\/partediario.com.ar\/index.php?rest_route=\/wp\/v2\/posts\/13527","targetHints":{"allow":["GET"]}}],"collection":[{"href":"https:\/\/partediario.com.ar\/index.php?rest_route=\/wp\/v2\/posts"}],"about":[{"href":"https:\/\/partediario.com.ar\/index.php?rest_route=\/wp\/v2\/types\/post"}],"author":[{"embeddable":true,"href":"https:\/\/partediario.com.ar\/index.php?rest_route=\/wp\/v2\/users\/2"}],"replies":[{"embeddable":true,"href":"https:\/\/partediario.com.ar\/index.php?rest_route=%2Fwp%2Fv2%2Fcomments&post=13527"}],"version-history":[{"count":1,"href":"https:\/\/partediario.com.ar\/index.php?rest_route=\/wp\/v2\/posts\/13527\/revisions"}],"predecessor-version":[{"id":13529,"href":"https:\/\/partediario.com.ar\/index.php?rest_route=\/wp\/v2\/posts\/13527\/revisions\/13529"}],"wp:featuredmedia":[{"embeddable":true,"href":"https:\/\/partediario.com.ar\/index.php?rest_route=\/wp\/v2\/media\/13528"}],"wp:attachment":[{"href":"https:\/\/partediario.com.ar\/index.php?rest_route=%2Fwp%2Fv2%2Fmedia&parent=13527"}],"wp:term":[{"taxonomy":"category","embeddable":true,"href":"https:\/\/partediario.com.ar\/index.php?rest_route=%2Fwp%2Fv2%2Fcategories&post=13527"},{"taxonomy":"post_tag","embeddable":true,"href":"https:\/\/partediario.com.ar\/index.php?rest_route=%2Fwp%2Fv2%2Ftags&post=13527"}],"curies":[{"name":"wp","href":"https:\/\/api.w.org\/{rel}","templated":true}]}}