{"id":13536,"date":"2025-07-08T17:22:48","date_gmt":"2025-07-08T20:22:48","guid":{"rendered":"https:\/\/partediario.com.ar\/?p=13536"},"modified":"2025-07-09T14:23:27","modified_gmt":"2025-07-09T17:23:27","slug":"diputados-apronta-una-ley-de-emergencia-para-el-garrahan-y-le-exige-al-gobierno-que-aumente-los-sueldos","status":"publish","type":"post","link":"https:\/\/partediario.com.ar\/?p=13536","title":{"rendered":"Diputados apronta una ley de emergencia para el Garrahan y le exige al Gobierno que aumente los sueldos"},"content":{"rendered":"\n<h2 class=\"wp-block-heading\">La C\u00e1mara de Diputados emiti\u00f3 hoy dictamen favorable al proyecto para declarar la emergencia por un a\u00f1o en el hospital pedi\u00e1trico Garrahan, y que la oposici\u00f3n busca sancionar en el recinto de sesiones entre la pr\u00f3xima semana o los primeros d\u00edas de agosto.<\/h2>\n\n\n\n<p>La iniciativa se analiz\u00f3 por espacio de unas horas en un plenario de las comisiones de Acci\u00f3n Social y Salud P\u00fablica, Familia, Ni\u00f1ez y Juventudes, y Presupuesto y Hacienda, con el fin de firmar el despacho que habilitar\u00e1 el debate en el recinto de sesiones.<\/p>\n\n\n\n<p>El dictamen de mayor\u00eda cosech\u00f3 65 sobre 109 legisladores presentes de los cuales 47 fueron aportados por Uni\u00f3n por la Patria, 7 de Democracia para Siempre ; 6 de Encuentro Federal, 4 de Innovaci\u00f3n y la radical Natalia Sarapura, que lo hizo en disidencia parcial.<\/p>\n\n\n\n<p>Por su parte La Libertad Avanza present\u00f3 otro de rechazo que junto 14 firmas, seg\u00fan inform\u00f3 el presidente del bloque libertario Jos\u00e9 Luis Espert.<\/p>\n\n\n\n<p>Mientras que la UCR junto a la macrista, Ana Clara Romero, y de la Coalici\u00f3n C\u00edvica, Paula Oliveto, present\u00f3 un dictamen de minor\u00eda de diez firmas, y la izquierda otro con las firmas de Cristian Castillo y Vilma Ripoll.<\/p>\n\n\n\n<p>Uno de los temas que mas dividieron a la oposici\u00f3n es la inclusi\u00f3n de un art\u00edculo para derogar la resoluci\u00f3n del ministro Mario Lugones, sobre las residencias m\u00e9dicas, por lo cual la UCR decidi\u00f3 presentar su propio despacho.<\/p>\n\n\n\n<p>La mayor\u00eda del PRO resolvi\u00f3 no firmar ning\u00fan despacho aunque es probable que muchos voten junto con el oficialismo y otros se abstengan.<\/p>\n\n\n\n<p>En el inicio de la reuni\u00f3n se provoc\u00f3 un debate sobre quien deb\u00eda presidir el plenario debido a que no pudo llegar el presidente de la comisi\u00f3n de Salud, Pablo Yedlin, por lo cual qued\u00f3 a cargo de la presidencia el legislador libertario Jos\u00e9 Luis Espert.<\/p>\n\n\n\n<p>La reuni\u00f3n se realiz\u00f3 con la presencia de m\u00e9dicos, y trabajadores del hospital Garrahan.<\/p>\n\n\n\n<p><strong>Proyecto<\/strong><\/p>\n\n\n\n<p>El dictamen fija que las autoridades deber\u00e1n garantizar el \u201cel acceso efectivo, oportuno, equitativo y de calidad a los servicios de salud pedi\u00e1trica, asegurar el funcionamiento adecuado de los hospitales p\u00fablicos de atenci\u00f3n pedi\u00e1trica y proteger los derechos a la salud y a la vida de ni\u00f1os, ni\u00f1as y adolescentes\u201d<\/p>\n\n\n\n<p>.Otro punto clave que se exhorta al Ministerio de Salud a efectuar \u201cla recomposici\u00f3n inmediata de los salarios del personal de salud asistencial y no asistencial que atiende a la poblaci\u00f3n pedi\u00e1trica, incluyendo a los residentes nacionales\u201d.<\/p>\n\n\n\n<p>En todos los casos, se dispone que \u201cla recomposici\u00f3n no podr\u00e1 ser menor a la que recib\u00edan en t\u00e9rminos reales en noviembre del a\u00f1o 2023\u201d.<\/p>\n\n\n\n<p>.\u00bbSe incluye a los residentes nacionales de salud de todas las especialidades que se desempe\u00f1an en efectores de salud pedi\u00e1tricos y no pedi\u00e1tricos. La recomposici\u00f3n no podr\u00e1 ser menor a la que recib\u00edan en t\u00e9rminos reales en noviembre del a\u00f1o 2023, se\u00f1ala el despacho de mayor\u00eda.<\/p>\n\n\n\n<p>Otro punto importante que se exime al personal de salud del pago de ganancias cuando desempe\u00f1an actividades cr\u00edticas, horas extras y\/o guardias.<\/p>\n\n\n\n<p>Adem\u00e1s dispone que el Poder Ejecutivo Nacional reasignar\u00e1 partidas presupuestarias correspondientes al Ministerio de Salud, dentro del ejercicio fiscal vigente, y podr\u00e1 ampliar los recursos mediante el uso de reservas destinadas a contingencias sanitarias.<\/p>\n\n\n\n<p><strong>Debate<\/strong><\/p>\n\n\n\n<p>En el debate, el presidente del bloque de Democracia para Siempre, Pablo Juliano, afirm\u00f3 que Juliano: \u00abSi a esta altura debemos seguir explicando lo que le est\u00e1n haciendo al Garrahan es porque es un di\u00e1logo entre mudos, sordos y ciegos que no quieren ver. Estamos contentos de haberle sacado la llave de la Comisi\u00f3n de Presupuesto a Espert para poder dictaminar hoy.<\/p>\n\n\n\n<p>Cuestion\u00f3 que el Gobierno \u201cavance en la precarizaci\u00f3n de los residentes es algo que no podemos permitir. Por eso celebro la iniciativa de algunos diputados que incorpora a nuestro dictamen un art\u00edculo que establece retrotraer la resoluci\u00f3n del ministerio de Salud que lleva a los residentes a situaciones deplorables\u201d.<\/p>\n\n\n\n<p>.Por su parte, la diputada libertaria Carolina Piparo (LLA), cuestion\u00f3 la votaci\u00f3n del emplazamiento porque esa medida no \u201ctiene ni pies ni cabeza\u201d y pidi\u00f3 debatir \u201cseriamente\u201d la situaci\u00f3n en el hospital pedi\u00e1trico.<\/p>\n\n\n\n<p>Dijo que siguen pasando \u00ablas d\u00e9cadas y nadie se pregunta porque los ni\u00f1os tienen que seguir viajando a Buenos Aires, ya que hay provincias que no tienen ni para hacer un fondo de ojos. H\u00e1ganse cargo de lo que hace el populismo y no esperen lo mismo de este Gobierno\u201d.<\/p>\n\n\n\n<p>Por su parte, la diputada de UP, Victoria Tolosa Paz, asegur\u00f3 que el sistema de salud est\u00e1 \u201cen riesgo\u201d y dijo que este Gobierno \u201cniega la historia del Garrahan que empez\u00f3 en el Gobierno radical y ni si siquiera el macrismo se hab\u00eda animado a tanto\u201d<\/p>\n\n\n\n<p>Por su parte, la diputada radical Gabriela Brouwer, se\u00f1al\u00f3 que la situaci\u00f3n del Garrahan merece que haya un debate \u00abserio y una respuesta institucional clara, razonable y urgente.<\/p>\n\n\n\n<p>Destac\u00f3 que \u201chay miles de ni\u00f1os y ni\u00f1as de todo el pa\u00eds llegan al hospital Garrahan con situaciones graves, para ser atendidos por personal altamente calificado, y si no van a ese hospital no pueden ser atendidos en otro porque no est\u00e1 la disponibilidad en otro hospital de nuestro pa\u00eds\u201d<\/p>\n\n\n\n<p>Por su parte, el diputado de izquierda Cristian Castillo se\u00f1al\u00f3 que el Gobierno \u201cminti\u00f3\u201d en forma \u00abesc\u00e1ndalos en este debate, ha querido crear un enfrentamiento entre los trabajadores\u00bb<\/p>\n\n\n\n<p>El diputado del MID, Eduardo Falcone-cuyo bloque no firm\u00f3 ning\u00fan despacho- dijo que el sistema de residencias fue \u201ccreado para formar m\u00e9dico, no para utilizar obra de mano barato y deben ganar lo que corresponde\u201d.<\/p>\n\n\n\n<p>Volvi\u00f3 a pedir que se trata la eliminaci\u00f3n de las jubilaciones de privilegio de los Presidentes, Vicepresidentes, jueces y personal diplom\u00e1tico. NA<\/p>\n","protected":false},"excerpt":{"rendered":"<p>La C&aacute;mara de Diputados emiti&oacute; hoy dictamen favorable al proyecto para declarar la emergencia por un a&ntilde;o en el hospital pedi&aacute;trico Garrahan, y que la oposici&oacute;n busca sancionar en el recinto de sesiones entre la pr&oacute;xima semana o los primeros d&iacute;as de agosto. La iniciativa se analiz&oacute; por espacio de unas horas en un plenario [&hellip;]<\/p>\n","protected":false},"author":2,"featured_media":13537,"comment_status":"open","ping_status":"open","sticky":false,"template":"","format":"standard","meta":{"footnotes":""},"categories":[5,176],"tags":[6307,310,258,3664,1160],"class_list":["post-13536","post","type-post","status-publish","format-standard","has-post-thumbnail","hentry","category-nacionales","category-politica","tag-apronta","tag-diputados","tag-emergencia","tag-hospital-garrahan","tag-ley"],"_links":{"self":[{"href":"https:\/\/partediario.com.ar\/index.php?rest_route=\/wp\/v2\/posts\/13536","targetHints":{"allow":["GET"]}}],"collection":[{"href":"https:\/\/partediario.com.ar\/index.php?rest_route=\/wp\/v2\/posts"}],"about":[{"href":"https:\/\/partediario.com.ar\/index.php?rest_route=\/wp\/v2\/types\/post"}],"author":[{"embeddable":true,"href":"https:\/\/partediario.com.ar\/index.php?rest_route=\/wp\/v2\/users\/2"}],"replies":[{"embeddable":true,"href":"https:\/\/partediario.com.ar\/index.php?rest_route=%2Fwp%2Fv2%2Fcomments&post=13536"}],"version-history":[{"count":1,"href":"https:\/\/partediario.com.ar\/index.php?rest_route=\/wp\/v2\/posts\/13536\/revisions"}],"predecessor-version":[{"id":13538,"href":"https:\/\/partediario.com.ar\/index.php?rest_route=\/wp\/v2\/posts\/13536\/revisions\/13538"}],"wp:featuredmedia":[{"embeddable":true,"href":"https:\/\/partediario.com.ar\/index.php?rest_route=\/wp\/v2\/media\/13537"}],"wp:attachment":[{"href":"https:\/\/partediario.com.ar\/index.php?rest_route=%2Fwp%2Fv2%2Fmedia&parent=13536"}],"wp:term":[{"taxonomy":"category","embeddable":true,"href":"https:\/\/partediario.com.ar\/index.php?rest_route=%2Fwp%2Fv2%2Fcategories&post=13536"},{"taxonomy":"post_tag","embeddable":true,"href":"https:\/\/partediario.com.ar\/index.php?rest_route=%2Fwp%2Fv2%2Ftags&post=13536"}],"curies":[{"name":"wp","href":"https:\/\/api.w.org\/{rel}","templated":true}]}}