{"id":13539,"date":"2025-07-08T17:28:27","date_gmt":"2025-07-08T20:28:27","guid":{"rendered":"https:\/\/partediario.com.ar\/?p=13539"},"modified":"2025-07-09T14:23:23","modified_gmt":"2025-07-09T17:23:23","slug":"javier-milei-disolvio-vialidad-nacional","status":"publish","type":"post","link":"https:\/\/partediario.com.ar\/?p=13539","title":{"rendered":"Javier Milei disolvi\u00f3 Vialidad Nacional"},"content":{"rendered":"\n<h2 class=\"wp-block-heading\">El Gobierno de Javier Milei dispuso hoy el cierre \u201cdefinitivo\u201d de la Direcci\u00f3n Nacional de Vialidad, de la Comisi\u00f3n Nacional del Tr\u00e1nsito y Seguridad Vial y la Agencia de Seguridad Vial.<\/h2>\n\n\n\n<p>La decisi\u00f3n fue anunciada por el vocero presidencial, Manuel Adorni, en conferencia de prensa desde Casa de Gobierno.<\/p>\n\n\n\n<p>Adorni se\u00f1al\u00f3 esta tarde que \u201cla corrupci\u00f3n en la obra p\u00fablica tiene su acta de defunci\u00f3n firmada, y la acaba de firmar el presidente Javier Milei\u201d, en referencia al cierre de Vialidad Nacional anunciado por el Gobierno.<\/p>\n\n\n\n<p>En conferencia de prensa, Adorni detall\u00f3 que la medida saldr\u00e1 publicada en el Bolet\u00edn Oficial de ma\u00f1ana.<\/p>\n\n\n\n<p>Las tareas de estos organismos ser\u00e1n absorbidas por Secretar\u00eda de Transporte de la Naci\u00f3n.<\/p>\n\n\n\n<p>Adorni confirm\u00f3 que el gobierno no solicitar\u00e1 una pr\u00f3rroga de las facultades delegadas que vence el mi\u00e9rcoles 9 de julio y posibilit\u00f3 que se tomen estas medidas.<\/p>\n\n\n\n<p>El portavoz indic\u00f3 que mediante esta facultad el presidente dict\u00f3 65 decretos desregulatorios que le permiten al Estado un ahorro de U$S 2.000 millones al a\u00f1o.<\/p>\n\n\n\n<p>Adorni detall\u00f3 que las funciones de control de la ANSV pasar\u00e1 a Gendarmer\u00eda nacional que seg\u00fan precis\u00f3 inspecciona cerca de 2,5 millones de veh\u00edculos al a\u00f1o en 80.000 puntos de control. Y agreg\u00f3 que las tareas de la CNRT pasan a manos de la nueva agencia.<\/p>\n\n\n\n<p>Entre las funciones de este nuevo organismo se mencionan: fiscalizar el cumplimiento de los contratos de concesi\u00f3n, acuerdos de operaci\u00f3n y permisos de explotaci\u00f3n de los servicios p\u00fablicos de transporte automotor urbano, suburbano y ferroviario de pasajeros y cargas de jurisdicci\u00f3n nacional, en lo que respecta a las obligaciones contractuales, t\u00e9cnicas y operativas, pudiendo realizar inspecciones in situ y solicitar a los operadores y concesionarios la informaci\u00f3n y documentaci\u00f3n necesaria para el cumplimiento de sus funciones. Tambi\u00e9n podr\u00e1 fiscalizar los contratos de concesi\u00f3n vial, controlando su ejecuci\u00f3n, en coordinaci\u00f3n con el organismo competente en materia de procesos licitatorios, con el fin de asegurar la separaci\u00f3n de funciones entre la fiscalizaci\u00f3n de los contratos y la administraci\u00f3n de procesos licitatorios.<\/p>\n\n\n\n<p>Podr\u00e1 fiscalizar y controlar adem\u00e1s, los servicios p\u00fablicos de transporte terrestre de jurisdicci\u00f3n nacional, y sus permisos de explotaci\u00f3n, asegurando condiciones t\u00e9cnicas y de prestaci\u00f3n adecuadas, a fin de garantizar la continuidad del servicio y la seguridad de las personas transportadas.<\/p>\n","protected":false},"excerpt":{"rendered":"<p>El Gobierno de Javier Milei dispuso hoy el cierre &ldquo;definitivo&rdquo; de la Direcci&oacute;n Nacional de Vialidad, de la Comisi&oacute;n Nacional del Tr&aacute;nsito y Seguridad Vial y la Agencia de Seguridad Vial. La decisi&oacute;n fue anunciada por el vocero presidencial, Manuel Adorni, en conferencia de prensa desde Casa de Gobierno. Adorni se&ntilde;al&oacute; esta tarde que &ldquo;la [&hellip;]<\/p>\n","protected":false},"author":2,"featured_media":13540,"comment_status":"open","ping_status":"open","sticky":false,"template":"","format":"standard","meta":{"footnotes":""},"categories":[5,176],"tags":[4379,232,646,6308,5568],"class_list":["post-13539","post","type-post","status-publish","format-standard","has-post-thumbnail","hentry","category-nacionales","category-politica","tag-disolucion","tag-javier-milei","tag-manuel-adorni","tag-secretaria-transporte-de-la-nacion","tag-vialidad-nacional"],"_links":{"self":[{"href":"https:\/\/partediario.com.ar\/index.php?rest_route=\/wp\/v2\/posts\/13539","targetHints":{"allow":["GET"]}}],"collection":[{"href":"https:\/\/partediario.com.ar\/index.php?rest_route=\/wp\/v2\/posts"}],"about":[{"href":"https:\/\/partediario.com.ar\/index.php?rest_route=\/wp\/v2\/types\/post"}],"author":[{"embeddable":true,"href":"https:\/\/partediario.com.ar\/index.php?rest_route=\/wp\/v2\/users\/2"}],"replies":[{"embeddable":true,"href":"https:\/\/partediario.com.ar\/index.php?rest_route=%2Fwp%2Fv2%2Fcomments&post=13539"}],"version-history":[{"count":1,"href":"https:\/\/partediario.com.ar\/index.php?rest_route=\/wp\/v2\/posts\/13539\/revisions"}],"predecessor-version":[{"id":13541,"href":"https:\/\/partediario.com.ar\/index.php?rest_route=\/wp\/v2\/posts\/13539\/revisions\/13541"}],"wp:featuredmedia":[{"embeddable":true,"href":"https:\/\/partediario.com.ar\/index.php?rest_route=\/wp\/v2\/media\/13540"}],"wp:attachment":[{"href":"https:\/\/partediario.com.ar\/index.php?rest_route=%2Fwp%2Fv2%2Fmedia&parent=13539"}],"wp:term":[{"taxonomy":"category","embeddable":true,"href":"https:\/\/partediario.com.ar\/index.php?rest_route=%2Fwp%2Fv2%2Fcategories&post=13539"},{"taxonomy":"post_tag","embeddable":true,"href":"https:\/\/partediario.com.ar\/index.php?rest_route=%2Fwp%2Fv2%2Ftags&post=13539"}],"curies":[{"name":"wp","href":"https:\/\/api.w.org\/{rel}","templated":true}]}}