{"id":13545,"date":"2025-07-08T17:46:47","date_gmt":"2025-07-08T20:46:47","guid":{"rendered":"https:\/\/partediario.com.ar\/?p=13545"},"modified":"2025-07-08T17:46:48","modified_gmt":"2025-07-08T20:46:48","slug":"santa-elena-el-intendente-daniel-rossi-superviso-los-trabajos-que-se-estan-llevando-adelante-en-la-zona-costanera","status":"publish","type":"post","link":"https:\/\/partediario.com.ar\/?p=13545","title":{"rendered":"Santa Elena: el intendente Daniel Rossi supervis\u00f3 los trabajos que se est\u00e1n llevando adelante en la zona costanera"},"content":{"rendered":"\n<h2 class=\"wp-block-heading\">Daniel Rossi supervis\u00f3 los trabajos que se est\u00e1n llevando adelante en la zona costanera, en el marco del plan de mejoras urbanas y puesta en valor de espacios p\u00fablicos.<\/h2>\n\n\n\n<p>Estas obras forman parte de una estrategia integral para fortalecer el perfil tur\u00edstico de la ciudad, mejorar los servicios y garantizar espacios seguros y accesibles para el disfrute de vecinos y visitantes.<\/p>\n\n\n\n<p><\/p>\n\n\n\n<figure class=\"wp-block-image size-full\"><img loading=\"lazy\" decoding=\"async\" width=\"1024\" height=\"576\" src=\"https:\/\/partediario.com.ar\/wp-content\/uploads\/516403711_1157807223057698_5863210172090129482_n.jpg\" alt=\"\" class=\"wp-image-13546\" srcset=\"https:\/\/partediario.com.ar\/wp-content\/uploads\/516403711_1157807223057698_5863210172090129482_n.jpg 1024w, https:\/\/partediario.com.ar\/wp-content\/uploads\/516403711_1157807223057698_5863210172090129482_n-300x169.jpg 300w, https:\/\/partediario.com.ar\/wp-content\/uploads\/516403711_1157807223057698_5863210172090129482_n-768x432.jpg 768w\" sizes=\"auto, (max-width: 1024px) 100vw, 1024px\" \/><\/figure>\n\n\n\n<p><\/p>\n\n\n\n<figure class=\"wp-block-image size-large\"><img loading=\"lazy\" decoding=\"async\" width=\"576\" height=\"1024\" src=\"https:\/\/partediario.com.ar\/wp-content\/uploads\/516741369_1157807366391017_9119132448540995416_n-1-576x1024.jpg\" alt=\"\" class=\"wp-image-13547\" srcset=\"https:\/\/partediario.com.ar\/wp-content\/uploads\/516741369_1157807366391017_9119132448540995416_n-1-576x1024.jpg 576w, https:\/\/partediario.com.ar\/wp-content\/uploads\/516741369_1157807366391017_9119132448540995416_n-1-169x300.jpg 169w, https:\/\/partediario.com.ar\/wp-content\/uploads\/516741369_1157807366391017_9119132448540995416_n-1-768x1364.jpg 768w, https:\/\/partediario.com.ar\/wp-content\/uploads\/516741369_1157807366391017_9119132448540995416_n-1.jpg 800w\" sizes=\"auto, (max-width: 576px) 100vw, 576px\" \/><\/figure>\n\n\n\n<p><\/p>\n\n\n\n<p><\/p>\n\n\n\n<p>El Gobierno de Santa Elena contin\u00faa ejecutando acciones concretas que impulsan el desarrollo y consolidan a la ciudad como destino tur\u00edstico y punto de encuentro en la regi\u00f3n.<\/p>\n","protected":false},"excerpt":{"rendered":"<p>Daniel Rossi supervis&oacute; los trabajos que se est&aacute;n llevando adelante en la zona costanera, en el marco del plan de mejoras urbanas y puesta en valor de espacios p&uacute;blicos. Estas obras forman parte de una estrategia integral para fortalecer el perfil tur&iacute;stico de la ciudad, mejorar los servicios y garantizar espacios seguros y accesibles para [&hellip;]<\/p>\n","protected":false},"author":2,"featured_media":13548,"comment_status":"open","ping_status":"open","sticky":false,"template":"","format":"standard","meta":{"footnotes":""},"categories":[3272,8],"tags":[3394,208,330,207],"class_list":["post-13545","post","type-post","status-publish","format-standard","has-post-thumbnail","hentry","category-municipales","category-provinciales","tag-costanera","tag-daniel-rossi","tag-obras","tag-santa-elena"],"_links":{"self":[{"href":"https:\/\/partediario.com.ar\/index.php?rest_route=\/wp\/v2\/posts\/13545","targetHints":{"allow":["GET"]}}],"collection":[{"href":"https:\/\/partediario.com.ar\/index.php?rest_route=\/wp\/v2\/posts"}],"about":[{"href":"https:\/\/partediario.com.ar\/index.php?rest_route=\/wp\/v2\/types\/post"}],"author":[{"embeddable":true,"href":"https:\/\/partediario.com.ar\/index.php?rest_route=\/wp\/v2\/users\/2"}],"replies":[{"embeddable":true,"href":"https:\/\/partediario.com.ar\/index.php?rest_route=%2Fwp%2Fv2%2Fcomments&post=13545"}],"version-history":[{"count":1,"href":"https:\/\/partediario.com.ar\/index.php?rest_route=\/wp\/v2\/posts\/13545\/revisions"}],"predecessor-version":[{"id":13549,"href":"https:\/\/partediario.com.ar\/index.php?rest_route=\/wp\/v2\/posts\/13545\/revisions\/13549"}],"wp:featuredmedia":[{"embeddable":true,"href":"https:\/\/partediario.com.ar\/index.php?rest_route=\/wp\/v2\/media\/13548"}],"wp:attachment":[{"href":"https:\/\/partediario.com.ar\/index.php?rest_route=%2Fwp%2Fv2%2Fmedia&parent=13545"}],"wp:term":[{"taxonomy":"category","embeddable":true,"href":"https:\/\/partediario.com.ar\/index.php?rest_route=%2Fwp%2Fv2%2Fcategories&post=13545"},{"taxonomy":"post_tag","embeddable":true,"href":"https:\/\/partediario.com.ar\/index.php?rest_route=%2Fwp%2Fv2%2Ftags&post=13545"}],"curies":[{"name":"wp","href":"https:\/\/api.w.org\/{rel}","templated":true}]}}