{"id":13550,"date":"2025-07-09T14:15:35","date_gmt":"2025-07-09T17:15:35","guid":{"rendered":"https:\/\/partediario.com.ar\/?p=13550"},"modified":"2025-07-10T18:55:09","modified_gmt":"2025-07-10T21:55:09","slug":"javier-milei-solo-y-sin-el-apoyo-de-los-gobernadores-suspendio-el-viaje-a-tucuman","status":"publish","type":"post","link":"https:\/\/partediario.com.ar\/?p=13550","title":{"rendered":"Javier Milei solo y sin el apoyo de los gobernadores suspendi\u00f3 el viaje a Tucum\u00e1n"},"content":{"rendered":"\n<h2 class=\"wp-block-heading\">El Presidente no participar\u00e1 de la vigilia por el D\u00eda de la Independencia; argumentan que no podr\u00e1 regresar \u201cpor la niebla\u201d. Hab\u00edan confirmado solo tres mandatarios provinciales. Rogelio Frigerio hab\u00eda se\u00f1alado que no asistir\u00eda por definici\u00f3n de agenda\u2026<\/h2>\n\n\n\n<p>Javier Milei no viajar\u00e1 esta noche a San Miguel de Tucum\u00e1n para la vigilia del 9 de julio por cuestiones clim\u00e1ticas. El argumento se\u00f1alado por la Casa Rosada, se da luego que los gobernadores hayan desistido de participar del acto oficial con el Presidente en medio de la pulseada por el reparto de los recursos.<\/p>\n\n\n\n<p>El presidente ten\u00eda planeado regresar desde San Miguel de Tucum\u00e1n en la madrugada de este mi\u00e9rcoles para el acto oficial por el D\u00eda de la Independencia. Pero en la Casa Rosada alegaron cuestiones clim\u00e1ticas para suspenderlo. \u201cNo estaba garantizado el regreso\u201d, destacaron desde Balcarce 50, en referencia a la fuerte niebla que desde este martes afecta diferentes puntos del pa\u00eds. Milei programaba viajar con su gabinete en pleno, a excepci\u00f3n de la vicepresidenta, Victoria Villarruel, con quien la relaci\u00f3n est\u00e1 complicada desde el a\u00f1o pasado.<\/p>\n\n\n\n<p>El vocero presidencial, Manuel Adorni, fue el encargado de confirmar la noticia. \u201cEl viaje que iba a realizar el Presidente de la Naci\u00f3n junto a su gabinete y dem\u00e1s funcionarios del gobierno a Tucum\u00e1n en el d\u00eda de hoy queda suspendido. La raz\u00f3n de la decisi\u00f3n radica en los informes recibidos por Casa Militar y la Fuerza A\u00e9rea Argentina que refieren a la situaci\u00f3n clim\u00e1tica que impide realizar los vuelos pertinentes\u201d, expres\u00f3 Adorni en su cuenta de la red social X.<\/p>\n\n\n\n<p>Solo tres gobernadores confirmaron su presencia para el acto de esta noche en Tucum\u00e1n. Uno de ellos es Osvaldo Jaldo, el anfitri\u00f3n, el catamarque\u00f1o Ra\u00fal Jalil y el juje\u00f1o Carlos Sadir.<\/p>\n\n\n\n<p>La invitaci\u00f3n por parte de Presidencia se hizo por mail y tuvo una magra recepci\u00f3n entre los mandatarios provinciales.<\/p>\n\n\n\n<p>Desde las provincias subrayaron que la ausencia de los mandatarios era por razones de agenda y evitaron confrontar con la Casa Rosada. Sin embargo, al mismo encuentro al que el a\u00f1o pasado hab\u00edan asistido 18 gobernadores, esta vez asistir\u00edan dos o tres. El Gobernador Frigerio hab\u00eda comunicado que no asistir\u00eda porque participar\u00e1 de los festejos en la provincia, puntualmente en la ciudad de Diamante.<\/p>\n\n\n\n<p>La semana pasada, los 24 gobernadores en bloque impulsaron dos proyectos de ley, uno para restituir los Aportes del Tesoro Nacional (ATN) no distribuidos a las provincias y otro para reformar el impuesto a los combustibles. Esas iniciativas podr\u00edan comenzar a discutirse el jueves en el Senado de la Naci\u00f3n a pesar de la resistencia del oficialismo.<\/p>\n\n\n\n<p>El presidente Milei ten\u00eda previsto llegar a Tucum\u00e1n cerca de las 22 y una vez que termine su discurso en la Casa Hist\u00f3rica de la Independencia emprender\u00eda el regreso a la Ciudad de Buenos Aires.<\/p>\n","protected":false},"excerpt":{"rendered":"<p>El Presidente no participar&aacute; de la vigilia por el D&iacute;a de la Independencia; argumentan que no podr&aacute; regresar &ldquo;por la niebla&rdquo;. Hab&iacute;an confirmado solo tres mandatarios provinciales. Rogelio Frigerio hab&iacute;a se&ntilde;alado que no asistir&iacute;a por definici&oacute;n de agenda&hellip; Javier Milei no viajar&aacute; esta noche a San Miguel de Tucum&aacute;n para la vigilia del 9 de [&hellip;]<\/p>\n","protected":false},"author":2,"featured_media":13551,"comment_status":"open","ping_status":"open","sticky":false,"template":"","format":"standard","meta":{"footnotes":""},"categories":[5,176],"tags":[1581,232,5050,608,642],"class_list":["post-13550","post","type-post","status-publish","format-standard","has-post-thumbnail","hentry","category-nacionales","category-politica","tag-dia-de-la-independencia","tag-javier-milei","tag-suspendio","tag-tucuman","tag-viaje"],"_links":{"self":[{"href":"https:\/\/partediario.com.ar\/index.php?rest_route=\/wp\/v2\/posts\/13550","targetHints":{"allow":["GET"]}}],"collection":[{"href":"https:\/\/partediario.com.ar\/index.php?rest_route=\/wp\/v2\/posts"}],"about":[{"href":"https:\/\/partediario.com.ar\/index.php?rest_route=\/wp\/v2\/types\/post"}],"author":[{"embeddable":true,"href":"https:\/\/partediario.com.ar\/index.php?rest_route=\/wp\/v2\/users\/2"}],"replies":[{"embeddable":true,"href":"https:\/\/partediario.com.ar\/index.php?rest_route=%2Fwp%2Fv2%2Fcomments&post=13550"}],"version-history":[{"count":1,"href":"https:\/\/partediario.com.ar\/index.php?rest_route=\/wp\/v2\/posts\/13550\/revisions"}],"predecessor-version":[{"id":13552,"href":"https:\/\/partediario.com.ar\/index.php?rest_route=\/wp\/v2\/posts\/13550\/revisions\/13552"}],"wp:featuredmedia":[{"embeddable":true,"href":"https:\/\/partediario.com.ar\/index.php?rest_route=\/wp\/v2\/media\/13551"}],"wp:attachment":[{"href":"https:\/\/partediario.com.ar\/index.php?rest_route=%2Fwp%2Fv2%2Fmedia&parent=13550"}],"wp:term":[{"taxonomy":"category","embeddable":true,"href":"https:\/\/partediario.com.ar\/index.php?rest_route=%2Fwp%2Fv2%2Fcategories&post=13550"},{"taxonomy":"post_tag","embeddable":true,"href":"https:\/\/partediario.com.ar\/index.php?rest_route=%2Fwp%2Fv2%2Ftags&post=13550"}],"curies":[{"name":"wp","href":"https:\/\/api.w.org\/{rel}","templated":true}]}}