{"id":13553,"date":"2025-07-09T14:23:07","date_gmt":"2025-07-09T17:23:07","guid":{"rendered":"https:\/\/partediario.com.ar\/?p=13553"},"modified":"2025-07-10T18:55:06","modified_gmt":"2025-07-10T21:55:06","slug":"la-justicia-investiga-la-conversion-milagrosa-de-pesos-a-dolares-del-pastor-amigo-de-milei","status":"publish","type":"post","link":"https:\/\/partediario.com.ar\/?p=13553","title":{"rendered":"La Justicia investiga la \u201cconversi\u00f3n milagrosa\u201d de pesos a d\u00f3lares del pastor amigo de Milei"},"content":{"rendered":"\n<h2 class=\"wp-block-heading\">El fiscal federal de Resistencia, Patricio Sabadini, abri\u00f3 una investigaci\u00f3n preliminar por presunto lavado de dinero contra el pastor Jorge Ledesma, el l\u00edder evangelista de la Iglesia Cristiana Internacional que el pasado s\u00e1bado fue visitado por el presidente Javier Milei.<\/h2>\n\n\n\n<p>Ledesma se manifest\u00f3 sobre el \u00abmilagro\u00bb ante sus fieles, acompa\u00f1ado por el telepredicador hondure\u00f1o Guillermo Maldonado, radicado en Miami. Ledesma agradeci\u00f3 los aportes de los feligreses para terminar la obra y se\u00f1al\u00f3 que \u00abtodo est\u00e1 registrado en el libro de Dios\u00bb\u2026<\/p>\n\n\n\n<p>La medida del fiscal se genera por las declaraciones del hijo de Ledesma, que hizo referencia a un \u00abmilagro\u00bb sobre la forma en que se financi\u00f3 la construcci\u00f3n del templo. Cristian Ledesma adujo que el dinero estaba guardado en pesos en una caja de seguridad y que aparecieron convertidos en d\u00f3lares. \u201cFue una experiencia muy fuerte para nosotros y fue lo que nos permiti\u00f3 tener la fe para arrancar algo tan loco como la edificaci\u00f3n de este templo\u201d, apunt\u00f3 en declaraciones a medios nacionales.<\/p>\n\n\n\n<p>En una entrevista radial, Ledesma hijo cont\u00f3 que el dinero de la caja de seguridad figuraba registrado en pesos por la contadora, pero pero que al abrirla se encontraron con 100 mil d\u00f3lares. \u201cPens\u00f3 que era un error. No fue ni la primera ni la \u00faltima experiencia similar, pero no en esa magnitud\u201d, expres\u00f3.<\/p>\n\n\n\n<p>El hijo del pastor no aclar\u00f3 por qu\u00e9 el l\u00edder religioso ten\u00eda 100 mil pesos -apenas un tercio de un salario m\u00ednimo- en una caja de seguridad, habida cuenta que la depreciaci\u00f3n de la moneda no invita a usarla como unidad de reserva; y se limit\u00f3 a decir que \u201cese asunto correspond\u00eda a la contadora\u201d.<\/p>\n\n\n\n<p>El templo \u00abPortal del Cielo\u00bb conecta su nombre con la alusi\u00f3n b\u00edblica a \u00ablas fuerzas del cielo\u00bb a las que suele hacer referencia Milei. Tiene capacidad para 18 mil personas, con tecnolog\u00eda de \u00faltima generaci\u00f3n y fue erigido en una de las zonas m\u00e1s humildes de Resistencia. El s\u00e1bado, en la inauguraci\u00f3n, los ac\u00f3litos de Ledesma pagaron entradas que iban de los 20 mil a los 100 mil pesos.<\/p>\n\n\n\n<p>La obra pudo haber demandado una inversi\u00f3n cercana a los cien millones de d\u00f3lares y Sabadini solicit\u00f3 informes a ARCA, adem\u00e1s de pedir a la Iglesia Cristiana Internacional que entregue documentaci\u00f3n bancaria y contable a la iglesia.<\/p>\n\n\n\n<p>El pastor afirm\u00f3 que la obra la inici\u00f3 por una profec\u00eda recibida en 2008. La Iglesia Cristiana Universal naci\u00f3 en 1994. Fue fundada por Ledesma con apenas un pu\u00f1ado de colaboradores. Sus responsables afirman tener 50 mil miembros. Ledesma se presenta como \u00abap\u00f3stol\u00bb ante su grey y tiene doctorados honoris causa en Teolog\u00eda y Capellan\u00eda por la CELA International University.<\/p>\n\n\n\n<p>Adem\u00e1s de cuestiones espirituales, Ledesma dirige una red de merenderos, donaciones y acciones de ayuda social, con gran protagonismo en tiempos de la pandemia. Ahora deber\u00e1 dar una explicaci\u00f3n sobre una conversi\u00f3n en d\u00f3lares que f\u00edsicamente no es posible en la Argentina desde enero de 2002, con el fin de la pol\u00edtica del uno a uno.<\/p>\n","protected":false},"excerpt":{"rendered":"<p>El fiscal federal de Resistencia, Patricio Sabadini, abri&oacute; una investigaci&oacute;n preliminar por presunto lavado de dinero contra el pastor Jorge Ledesma, el l&iacute;der evangelista de la Iglesia Cristiana Internacional que el pasado s&aacute;bado fue visitado por el presidente Javier Milei. Ledesma se manifest&oacute; sobre el &laquo;milagro&raquo; ante sus fieles, acompa&ntilde;ado por el telepredicador hondure&ntilde;o Guillermo [&hellip;]<\/p>\n","protected":false},"author":2,"featured_media":13554,"comment_status":"open","ping_status":"open","sticky":false,"template":"","format":"standard","meta":{"footnotes":""},"categories":[979,5],"tags":[637,6312,2123,232,6294,6291,6311],"class_list":["post-13553","post","type-post","status-publish","format-standard","has-post-thumbnail","hentry","category-judiciales","category-nacionales","tag-dolares","tag-iglesia-cristiana-internacional","tag-investigacion","tag-javier-milei","tag-jorge-ledesma","tag-pastor","tag-patricia-sabadini"],"_links":{"self":[{"href":"https:\/\/partediario.com.ar\/index.php?rest_route=\/wp\/v2\/posts\/13553","targetHints":{"allow":["GET"]}}],"collection":[{"href":"https:\/\/partediario.com.ar\/index.php?rest_route=\/wp\/v2\/posts"}],"about":[{"href":"https:\/\/partediario.com.ar\/index.php?rest_route=\/wp\/v2\/types\/post"}],"author":[{"embeddable":true,"href":"https:\/\/partediario.com.ar\/index.php?rest_route=\/wp\/v2\/users\/2"}],"replies":[{"embeddable":true,"href":"https:\/\/partediario.com.ar\/index.php?rest_route=%2Fwp%2Fv2%2Fcomments&post=13553"}],"version-history":[{"count":1,"href":"https:\/\/partediario.com.ar\/index.php?rest_route=\/wp\/v2\/posts\/13553\/revisions"}],"predecessor-version":[{"id":13555,"href":"https:\/\/partediario.com.ar\/index.php?rest_route=\/wp\/v2\/posts\/13553\/revisions\/13555"}],"wp:featuredmedia":[{"embeddable":true,"href":"https:\/\/partediario.com.ar\/index.php?rest_route=\/wp\/v2\/media\/13554"}],"wp:attachment":[{"href":"https:\/\/partediario.com.ar\/index.php?rest_route=%2Fwp%2Fv2%2Fmedia&parent=13553"}],"wp:term":[{"taxonomy":"category","embeddable":true,"href":"https:\/\/partediario.com.ar\/index.php?rest_route=%2Fwp%2Fv2%2Fcategories&post=13553"},{"taxonomy":"post_tag","embeddable":true,"href":"https:\/\/partediario.com.ar\/index.php?rest_route=%2Fwp%2Fv2%2Ftags&post=13553"}],"curies":[{"name":"wp","href":"https:\/\/api.w.org\/{rel}","templated":true}]}}