{"id":13556,"date":"2025-07-09T18:15:36","date_gmt":"2025-07-09T21:15:36","guid":{"rendered":"https:\/\/partediario.com.ar\/?p=13556"},"modified":"2025-07-10T18:55:02","modified_gmt":"2025-07-10T21:55:02","slug":"sobre-los-gobernadores-quieren-destruir-al-gobierno-apunto-milei","status":"publish","type":"post","link":"https:\/\/partediario.com.ar\/?p=13556","title":{"rendered":"Sobre los gobernadores: \u201cQuieren destruir al Gobierno\u201d, apunt\u00f3 Milei"},"content":{"rendered":"\n<h2 class=\"wp-block-heading\">En el medio del aumento de tensi\u00f3n con las provincias, el presidente Javier Milei apunt\u00f3 hoy contra los gobernadores al se\u00f1alar que \u201cquieren destruir al Gobierno Nacional\u201d, y afirm\u00f3 adem\u00e1s que \u201cindependientemente del color pol\u00edtico\u201d, los mandatarios provinciales \u201cson todos parte del Partido del Estado\u201d.<\/h2>\n\n\n\n<p>\u201cQuieren destruir al gobierno nacional porque, en el fondo, lo que prueba lo que nosotros estamos demostrando es que lo que se hizo en la econom\u00eda argentina en los \u00faltimos 100 a\u00f1os est\u00e1 mal y que todo eso era mal\u00edsimo para los argentinos de bien, y gener\u00f3 un negocio enorme para el partido del Estado\u201d, expres\u00f3 el mandatario nacional.<\/p>\n\n\n\n<p>Y precis\u00f3 adem\u00e1s: \u201cIndependientemente del color pol\u00edtico que tengan, son todos partidos del Estado. A ellos les importa el poder y la de ellos, y entonces este modelo lo que prueba es que ellos son parte del problema y no de la soluci\u00f3n\u201d.<\/p>\n\n\n\n<p>Tambi\u00e9n carg\u00f3 contra los diputados y senadores que aspiran aprobar un nuevo aumento para los jubilados y una serie de proyectos que alteran el equilibrio fiscal. \u201cLa intenci\u00f3n de ellos es romper todo porque si la libertad avanza se convierte en la libertad arrasa, ellos tienen un problema: se tienen que jubilar. Entonces no les importa a los argentinos, est\u00e1n dispuestos a hacer sufrir a los argentinos todo lo que sea necesario con tal de mantenerse\u201d, dispar\u00f3.<\/p>\n\n\n\n<p>\u201cTodo lo que est\u00e1n mandando, ese paquetazo, son dos puntos del PBI\u201d, indic\u00f3 y agreg\u00f3: \u201cHay una perversi\u00f3n enorme por parte de algunos gobernadores, as\u00ed como nosotros bajamos impuestos, ellos lo suben. Mientras que hacemos un esfuerzo enorme para bajar impuestos y devolver el dinero, se lo apropian. Hay una clara intenci\u00f3n de romper todo el tiempo\u201d.<\/p>\n\n\n\n<p>La explicaci\u00f3n sobre el avi\u00f3n privado de Estados Unidos en Aeroparque y el caso $Libra<\/p>\n\n\n\n<p>Seg\u00fan reprodujo NA, en otro pasaje de la entrevista con el periodista Luis Majul, Milei hizo referencia a las sospechas que gener\u00f3 el arribo de un avi\u00f3n privado de matr\u00edcula estadounidense N18RU al Aeroparque Jorge Newbery el pasado 26 de febrero.<\/p>\n\n\n\n<p>Si bien el jefe de Estado no observ\u00f3 irregularidades, aclar\u00f3 que el Poder Ejecutivo impuls\u00f3 una investigaci\u00f3n sobre el caso. \u201cNo tiene nada de irregular que pasen valijas porque la gente es inocente hasta que se demuestre lo contrario\u201d, se\u00f1al\u00f3.<\/p>\n\n\n\n<p>\u201cLos criterios discrecionales con los cuales se maneja Aduana es una cuesti\u00f3n propia de Aduana. Es absolutamente discrecional y arbitrario del personal de Aduana cu\u00e1ndo decide qu\u00e9 pasa o no\u201d, acot\u00f3.<\/p>\n\n\n\n<p>A ra\u00edz de que se detectaran inconsistencias en los registros migratorios de los dos tripulantes y de los pasajeros Laura Arrieta y V\u00edctor Du Plooy, que figuraban como destino Estados Unidos cuando en realidad el vuelo parti\u00f3 a Par\u00eds con escala en Tenerife, Milei se\u00f1al\u00f3 que la imagen de las c\u00e1maras de la Polic\u00eda de Seguridad Aeroportuaria fue \u201cs\u00faper marketinera\u201d.<\/p>\n\n\n\n<p>Aprovech\u00f3 la entrevista para distanciarse de la foto que se viraliz\u00f3 en el que se lo ve junto a Arrieta, involucrada en la pol\u00e9mica. \u201cQue tenga una foto con una determinada persona no me hace amigo. Tengo una foto con una chica que fue en CIPAC, pero es una foto donde hay como 10 personas, y est\u00e1 esa chica\u201d, destac\u00f3.<\/p>\n\n\n\n<p>Con respecto al tema $Libra, el jefe de Estado subray\u00f3 que la Oficina Anticorrupci\u00f3n prob\u00f3 su inocencia, y plante\u00f3 que la informaci\u00f3n recabada en la investigaci\u00f3n interna fue puesta a disposici\u00f3n de la Justicia. \u201cEstamos todos a disposici\u00f3n de la Justicia. Nosotros no tenemos ning\u00fan tipo de problema en hacer este tipo de cosas\u201d, se justific\u00f3.<\/p>\n\n\n\n<p>Y aclar\u00f3: \u201cLo dije antes, no me arrepiento de lo que hice. Eso s\u00ed, no lo voy a volver a hacer por el problema que gener\u00f3. Pero lo interesante es que la propia Security Exchange Comition lo que determin\u00f3 es que ni siquiera este tipo de instrumento califica como activos\u201d.<\/p>\n","protected":false},"excerpt":{"rendered":"<p>En el medio del aumento de tensi&oacute;n con las provincias, el presidente Javier Milei apunt&oacute; hoy contra los gobernadores al se&ntilde;alar que &ldquo;quieren destruir al Gobierno Nacional&rdquo;, y afirm&oacute; adem&aacute;s que &ldquo;independientemente del color pol&iacute;tico&rdquo;, los mandatarios provinciales &ldquo;son todos parte del Partido del Estado&rdquo;. &ldquo;Quieren destruir al gobierno nacional porque, en el fondo, lo [&hellip;]<\/p>\n","protected":false},"author":2,"featured_media":13557,"comment_status":"open","ping_status":"open","sticky":false,"template":"","format":"standard","meta":{"footnotes":""},"categories":[5,176],"tags":[1023,232],"class_list":["post-13556","post","type-post","status-publish","format-standard","has-post-thumbnail","hentry","category-nacionales","category-politica","tag-gobernadores","tag-javier-milei"],"_links":{"self":[{"href":"https:\/\/partediario.com.ar\/index.php?rest_route=\/wp\/v2\/posts\/13556","targetHints":{"allow":["GET"]}}],"collection":[{"href":"https:\/\/partediario.com.ar\/index.php?rest_route=\/wp\/v2\/posts"}],"about":[{"href":"https:\/\/partediario.com.ar\/index.php?rest_route=\/wp\/v2\/types\/post"}],"author":[{"embeddable":true,"href":"https:\/\/partediario.com.ar\/index.php?rest_route=\/wp\/v2\/users\/2"}],"replies":[{"embeddable":true,"href":"https:\/\/partediario.com.ar\/index.php?rest_route=%2Fwp%2Fv2%2Fcomments&post=13556"}],"version-history":[{"count":1,"href":"https:\/\/partediario.com.ar\/index.php?rest_route=\/wp\/v2\/posts\/13556\/revisions"}],"predecessor-version":[{"id":13558,"href":"https:\/\/partediario.com.ar\/index.php?rest_route=\/wp\/v2\/posts\/13556\/revisions\/13558"}],"wp:featuredmedia":[{"embeddable":true,"href":"https:\/\/partediario.com.ar\/index.php?rest_route=\/wp\/v2\/media\/13557"}],"wp:attachment":[{"href":"https:\/\/partediario.com.ar\/index.php?rest_route=%2Fwp%2Fv2%2Fmedia&parent=13556"}],"wp:term":[{"taxonomy":"category","embeddable":true,"href":"https:\/\/partediario.com.ar\/index.php?rest_route=%2Fwp%2Fv2%2Fcategories&post=13556"},{"taxonomy":"post_tag","embeddable":true,"href":"https:\/\/partediario.com.ar\/index.php?rest_route=%2Fwp%2Fv2%2Ftags&post=13556"}],"curies":[{"name":"wp","href":"https:\/\/api.w.org\/{rel}","templated":true}]}}