{"id":13559,"date":"2025-07-09T20:18:10","date_gmt":"2025-07-09T23:18:10","guid":{"rendered":"https:\/\/partediario.com.ar\/?p=13559"},"modified":"2025-07-10T18:54:58","modified_gmt":"2025-07-10T21:54:58","slug":"kicillof-presencio-el-tedeum-por-el-9-de-julio-en-la-plata","status":"publish","type":"post","link":"https:\/\/partediario.com.ar\/?p=13559","title":{"rendered":"Kicillof presenci\u00f3 el tedeum por el 9 de Julio en La Plata"},"content":{"rendered":"\n<h2 class=\"wp-block-heading\">El gobernador de la provincia de Buenos Aires, Axel Kicillof, en contraposici\u00f3n al Gobierno Nacional que decidi\u00f3 no llevar a cabo ning\u00fan acto conmemorativo por el D\u00eda de la Independencia, particip\u00f3 del tradicional Tedeum del 9 de Julio que se realiz\u00f3 en la Catedral de La Plata.<\/h2>\n\n\n\n<p>Al concluir el acto, el gobernador asegur\u00f3 que se suma a las palabras del Arzobispo Gustavo Carrara referidas \u201ca la necesidad de luchar contra la desigualdad, fortalecer los lazos solidarios y garantizar la dignidad de los m\u00e1s vulnerables\u201d: \u201cSolo as\u00ed ser\u00e1 posible construir una Patria para todos y todas\u201d, agreg\u00f3.<\/p>\n\n\n\n<p>Durante las primeras horas de la ma\u00f1ana, Kicillof public\u00f3 un mensaje desde sus redes sociales por la conmemoraci\u00f3n del 9 de Julio y manifest\u00f3 que \u201cla verdadera independencia se construye defendiendo la soberan\u00eda\u201d.<\/p>\n\n\n\n<p>Reivindic\u00f3 adem\u00e1s la importancia de la justicia social, en respuesta a los \u00faltimos dichos del presidente Javier Milei, quien sostuvo en el acto que realiz\u00f3 en una iglesia evang\u00e9lica en Chaco que era una \u201caberraci\u00f3n\u201d dentro de una \u201csociedad de envidiosos\u201d.<\/p>\n\n\n\n<p>\u201cLa verdadera independencia se construye defendiendo la soberan\u00eda, los recursos, el trabajo, la educaci\u00f3n y la producci\u00f3n nacional. Es sin\u00f3nimo de libertad pero tambi\u00e9n de justicia social, porque todos tienen derecho a un futuro mejor\u201d, se\u00f1al\u00f3 Kicillof.<\/p>\n\n\n\n<p>En esa misma l\u00ednea, el mensaje del Gobierno de la Provincia de Buenos Aires por la conmemoraci\u00f3n de los 209 a\u00f1os de nuestra Independencia, destac\u00f3 que \u201cdefender la Patria es trabajar todos los d\u00edas para que las y los bonaerenses tengan una vida mejor\u201d e indic\u00f3 que \u201ccon m\u00e1s educaci\u00f3n, m\u00e1s salud y m\u00e1s soberan\u00eda\u201d se construye la independencia y el futuro.<\/p>\n\n\n\n<p>\u201c\u00c9ste es el modelo que nos representa y por el que vamos a seguir luchando desde nuestra provincia. \u00a1Feliz D\u00eda de la Independencia!\u201d, finaliz\u00f3.<\/p>\n","protected":false},"excerpt":{"rendered":"<p>El gobernador de la provincia de Buenos Aires, Axel Kicillof, en contraposici&oacute;n al Gobierno Nacional que decidi&oacute; no llevar a cabo ning&uacute;n acto conmemorativo por el D&iacute;a de la Independencia, particip&oacute; del tradicional Tedeum del 9 de Julio que se realiz&oacute; en la Catedral de La Plata. Al concluir el acto, el gobernador asegur&oacute; que [&hellip;]<\/p>\n","protected":false},"author":2,"featured_media":13560,"comment_status":"open","ping_status":"open","sticky":false,"template":"","format":"standard","meta":{"footnotes":""},"categories":[5,176],"tags":[1112,1581,1616],"class_list":["post-13559","post","type-post","status-publish","format-standard","has-post-thumbnail","hentry","category-nacionales","category-politica","tag-axel-kicillof","tag-dia-de-la-independencia","tag-tedeum"],"_links":{"self":[{"href":"https:\/\/partediario.com.ar\/index.php?rest_route=\/wp\/v2\/posts\/13559","targetHints":{"allow":["GET"]}}],"collection":[{"href":"https:\/\/partediario.com.ar\/index.php?rest_route=\/wp\/v2\/posts"}],"about":[{"href":"https:\/\/partediario.com.ar\/index.php?rest_route=\/wp\/v2\/types\/post"}],"author":[{"embeddable":true,"href":"https:\/\/partediario.com.ar\/index.php?rest_route=\/wp\/v2\/users\/2"}],"replies":[{"embeddable":true,"href":"https:\/\/partediario.com.ar\/index.php?rest_route=%2Fwp%2Fv2%2Fcomments&post=13559"}],"version-history":[{"count":1,"href":"https:\/\/partediario.com.ar\/index.php?rest_route=\/wp\/v2\/posts\/13559\/revisions"}],"predecessor-version":[{"id":13561,"href":"https:\/\/partediario.com.ar\/index.php?rest_route=\/wp\/v2\/posts\/13559\/revisions\/13561"}],"wp:featuredmedia":[{"embeddable":true,"href":"https:\/\/partediario.com.ar\/index.php?rest_route=\/wp\/v2\/media\/13560"}],"wp:attachment":[{"href":"https:\/\/partediario.com.ar\/index.php?rest_route=%2Fwp%2Fv2%2Fmedia&parent=13559"}],"wp:term":[{"taxonomy":"category","embeddable":true,"href":"https:\/\/partediario.com.ar\/index.php?rest_route=%2Fwp%2Fv2%2Fcategories&post=13559"},{"taxonomy":"post_tag","embeddable":true,"href":"https:\/\/partediario.com.ar\/index.php?rest_route=%2Fwp%2Fv2%2Ftags&post=13559"}],"curies":[{"name":"wp","href":"https:\/\/api.w.org\/{rel}","templated":true}]}}