{"id":13571,"date":"2025-07-10T17:37:28","date_gmt":"2025-07-10T20:37:28","guid":{"rendered":"https:\/\/partediario.com.ar\/?p=13571"},"modified":"2025-07-12T09:58:46","modified_gmt":"2025-07-12T12:58:46","slug":"profesionales-y-familiares-realizaron-un-abrazo-simbolico-al-garrahan-en-medio-de-una-medida-de-fuerza","status":"publish","type":"post","link":"https:\/\/partediario.com.ar\/?p=13571","title":{"rendered":"Profesionales y familiares realizaron un abrazo simb\u00f3lico al Garrahan en medio de una medida de fuerza"},"content":{"rendered":"\n<h2 class=\"wp-block-heading\">Profesionales del Hospital Garrahan, junto a familiares de pacientes y autoconvocados, llevaron a cabo un abrazo simb\u00f3lico a la instituci\u00f3n pedi\u00e1trica en medio de un nuevo paro con el que pretenden visibilizar \u201cla situaci\u00f3n cr\u00edtica\u201d que atraviesan desde el a\u00f1o pasado.<\/h2>\n\n\n\n<p>El cese de actividades por 24 horas, que se inicio hoy a las 7.00, s\u00f3lo mantendr\u00e1 el servicio de guardia y la atenci\u00f3n de pacientes internados; a las 14 se aguarda una conferencia de prensa donde explicar\u00e1n cu\u00e1l es la situaci\u00f3n actual del hospital y recordar la medida de fuerza para el pr\u00f3ximo jueves 17 donde, adem\u00e1s realizar otro paro, llevar\u00e1n a cabo una movilizaci\u00f3n desde el Congreso de la Naci\u00f3n hacia Plaza de Mayo.<\/p>\n\n\n\n<p>\u00abHoy visibilizamos el conflicto con toda la fuerza, en las puertas del hospital con un abrazo simb\u00f3lico y con los medios a las 14:00, para seguir sumando el respaldo social, que crece en todo el pa\u00eds, a la marcha de la semana que viene\u00bb, se\u00f1al\u00f3 la Asociaci\u00f3n de Profesionales y T\u00e9cnicos (APyT) del Garrahan.<\/p>\n\n\n\n<p>Esta medida, como todas las anteriores, es en rechazo a la gesti\u00f3n del presidente Javier Milei y del ministro de Salud de la Naci\u00f3n, Mario Lugones, que tienen como objetivo \u201cvaciar y destruir\u201d la instituci\u00f3n.<\/p>\n\n\n\n<p>Adem\u00e1s, APyT subray\u00f3 que la crisis que atraviesa el Hospital \u201ces dram\u00e1tica\u201d y confirm\u00f3 que ya son 224 profesionales \u201caltamente capacitados\u201d, junto a m\u00e1s de 20 residentes, que renunciaron \u201cpor los bajos salarios\u201d que deber\u00edan comenzar en 1.800.000 pesos, de acuerdo a la canasta b\u00e1sica.<\/p>\n\n\n\n<p>\u201cHace muchos a\u00f1os luchamos por no perder la calidad de atenci\u00f3n del Hospital, a veces hasta con paros y actividades de visibilizaci\u00f3n, pero desde el 10 de diciembre de 2023, vivimos una etapa in\u00e9dita de desfinanciaci\u00f3n, con salarios que empujan a renuncias que, a su vez, desarticulan \u00e1reas imprescindibles\u201d, finalizaron.<\/p>\n\n\n\n<p><\/p>\n\n\n\n<figure class=\"wp-block-image size-full\"><img loading=\"lazy\" decoding=\"async\" width=\"971\" height=\"720\" src=\"https:\/\/partediario.com.ar\/wp-content\/uploads\/Garrahan.webp\" alt=\"\" class=\"wp-image-13573\" srcset=\"https:\/\/partediario.com.ar\/wp-content\/uploads\/Garrahan.webp 971w, https:\/\/partediario.com.ar\/wp-content\/uploads\/Garrahan-300x222.webp 300w, https:\/\/partediario.com.ar\/wp-content\/uploads\/Garrahan-768x569.webp 768w\" sizes=\"auto, (max-width: 971px) 100vw, 971px\" \/><\/figure>\n\n\n\n<p><\/p>\n\n\n\n<p>Por otra parte, y antes de la conferencia de prensa, la Uni\u00f3n de Trabajadores de la Tierra se solidarizaron con el personal m\u00e9dico y no m\u00e9dico del Garrahan y repartieron cajones de verdura totalmente gratuito para quienes estaban acompa\u00f1ando el paro.<\/p>\n","protected":false},"excerpt":{"rendered":"<p>Profesionales del Hospital Garrahan, junto a familiares de pacientes y autoconvocados, llevaron a cabo un abrazo simb&oacute;lico a la instituci&oacute;n pedi&aacute;trica en medio de un nuevo paro con el que pretenden visibilizar &ldquo;la situaci&oacute;n cr&iacute;tica&rdquo; que atraviesan desde el a&ntilde;o pasado. El cese de actividades por 24 horas, que se inicio hoy a las 7.00, [&hellip;]<\/p>\n","protected":false},"author":2,"featured_media":13572,"comment_status":"open","ping_status":"open","sticky":false,"template":"","format":"standard","meta":{"footnotes":""},"categories":[978,5,176],"tags":[4979,697,3557,3400,6316],"class_list":["post-13571","post","type-post","status-publish","format-standard","has-post-thumbnail","hentry","category-gremiales","category-nacionales","category-politica","tag-abrazo","tag-familiares","tag-garrahan","tag-profesionales","tag-simbolico"],"_links":{"self":[{"href":"https:\/\/partediario.com.ar\/index.php?rest_route=\/wp\/v2\/posts\/13571","targetHints":{"allow":["GET"]}}],"collection":[{"href":"https:\/\/partediario.com.ar\/index.php?rest_route=\/wp\/v2\/posts"}],"about":[{"href":"https:\/\/partediario.com.ar\/index.php?rest_route=\/wp\/v2\/types\/post"}],"author":[{"embeddable":true,"href":"https:\/\/partediario.com.ar\/index.php?rest_route=\/wp\/v2\/users\/2"}],"replies":[{"embeddable":true,"href":"https:\/\/partediario.com.ar\/index.php?rest_route=%2Fwp%2Fv2%2Fcomments&post=13571"}],"version-history":[{"count":1,"href":"https:\/\/partediario.com.ar\/index.php?rest_route=\/wp\/v2\/posts\/13571\/revisions"}],"predecessor-version":[{"id":13574,"href":"https:\/\/partediario.com.ar\/index.php?rest_route=\/wp\/v2\/posts\/13571\/revisions\/13574"}],"wp:featuredmedia":[{"embeddable":true,"href":"https:\/\/partediario.com.ar\/index.php?rest_route=\/wp\/v2\/media\/13572"}],"wp:attachment":[{"href":"https:\/\/partediario.com.ar\/index.php?rest_route=%2Fwp%2Fv2%2Fmedia&parent=13571"}],"wp:term":[{"taxonomy":"category","embeddable":true,"href":"https:\/\/partediario.com.ar\/index.php?rest_route=%2Fwp%2Fv2%2Fcategories&post=13571"},{"taxonomy":"post_tag","embeddable":true,"href":"https:\/\/partediario.com.ar\/index.php?rest_route=%2Fwp%2Fv2%2Ftags&post=13571"}],"curies":[{"name":"wp","href":"https:\/\/api.w.org\/{rel}","templated":true}]}}