{"id":13575,"date":"2025-07-10T18:13:25","date_gmt":"2025-07-10T21:13:25","guid":{"rendered":"https:\/\/partediario.com.ar\/?p=13575"},"modified":"2025-07-12T09:58:43","modified_gmt":"2025-07-12T12:58:43","slug":"pilotos-amenazan-con-una-medida-de-fuerza-para-el-19-de-julio","status":"publish","type":"post","link":"https:\/\/partediario.com.ar\/?p=13575","title":{"rendered":"Pilotos amenazan con una medida de fuerza para el 19 de julio"},"content":{"rendered":"\n<h2 class=\"wp-block-heading\">La Asociaci\u00f3n de Pilotos de L\u00edneas A\u00e9reas (APLA), anunci\u00f3 un paro nacional para el pr\u00f3ximo s\u00e1bado 19 de julio, en una medida que se estima tendr\u00e1 un fuerte impacto sobre los vuelos comerciales en todo el pa\u00eds, justo al inicio de las vacaciones de invierno en la Ciudad y la Provincia de Buenos Aires.<\/h2>\n\n\n\n<p>Se aguarda que la medida afecte tanto vuelos de cabotaje como internacionales, en uno de los fines de semana de mayor movimiento tur\u00edstico del a\u00f1o, lo cual agudiza el conflicto en el sector aeron\u00e1utico en plena temporada alta.<\/p>\n\n\n\n<p>El origen del paro, es el rechazo de los pilotos a un decreto del Gobierno que, seg\u00fan denuncian, compromete la seguridad a\u00e9rea.<\/p>\n\n\n\n<p>Puntualmente, el conflicto se centra en el Decreto 378\/2025, recientemente firmado por el presidente Javier Milei, que introduce modificaciones en la normativa vigente sobre tiempos de actividad y descanso de las tripulaciones.<\/p>\n\n\n\n<p>Seg\u00fan APLA, la disposici\u00f3n \u00abincrementa los tiempos de servicio de vuelo, disminuye los descansos y suprime art\u00edculos fundamentales para mitigar la fatiga\u00bb, lo que a su entender pone en riesgo la seguridad operacional.<\/p>\n\n\n\n<p>En un comunicado, el gremio se\u00f1al\u00f3: \u201cHemos decidido convocar a un paro nacional de pilotos de todos los sectores el d\u00eda 19 de julio desde las 0 hasta las 23.59 horas. Instamos al Gobierno Nacional a dejar sin efecto el Decreto 378\/2025, que presenta graves deficiencias t\u00e9cnicas\u201d.<\/p>\n\n\n\n<p>APLA advirti\u00f3 tambi\u00e9n, que no se trata de una disputa sectorial aislada, sino de una problem\u00e1tica que involucra cuestiones estructurales vinculadas a la seguridad a\u00e9rea.<\/p>\n\n\n\n<p>\u201cAdvertimos que la implementaci\u00f3n de dicho decreto representa un serio riesgo para la seguridad de los vuelos y hacemos responsables a las autoridades de las consecuencias de su aplicaci\u00f3n\u201d, destacan en el comunicado.<\/p>\n\n\n\n<p>Mientras que desde el Gobierno, minimizaron la protesta y la atribuyeron a motivaciones pol\u00edticas a las acciones sindicales. En los \u00faltimos d\u00edas, voceros del Gobierno se\u00f1alaron que el gremio \u201cresponde a intereses corporativos que buscan resistirse a la modernizaci\u00f3n del sistema a\u00e9reo\u201d.<\/p>\n\n\n\n<p>APLA calific\u00f3 la postura gubernamental como un intento de \u201cdesviar la atenci\u00f3n y deslindar responsabilidades frente a una medida claramente improvisada y peligrosa\u201d.<\/p>\n\n\n\n<p>La protesta de los pilotos se suma a un cronograma de medidas escalonadas anunciada por los controladores a\u00e9reos nucleados en la Asociaci\u00f3n T\u00e9cnicos y Empleados de Protecci\u00f3n y Seguridad a la Aeronavegaci\u00f3n (ATEPSA), que tambi\u00e9n rechazan ajustes dispuestos por el Ejecutivo en el sistema de navegaci\u00f3n a\u00e9rea.<\/p>\n\n\n\n<p>En este conflicto, el Gobierno dict\u00f3 la Conciliaci\u00f3n Obligatoria, por lo que de acatar el gremio la resoluci\u00f3n, la actividad estar\u00eda garantizada por los pr\u00f3ximos 15 d\u00edas.<\/p>\n","protected":false},"excerpt":{"rendered":"<p>La Asociaci&oacute;n de Pilotos de L&iacute;neas A&eacute;reas (APLA), anunci&oacute; un paro nacional para el pr&oacute;ximo s&aacute;bado 19 de julio, en una medida que se estima tendr&aacute; un fuerte impacto sobre los vuelos comerciales en todo el pa&iacute;s, justo al inicio de las vacaciones de invierno en la Ciudad y la Provincia de Buenos Aires. Se [&hellip;]<\/p>\n","protected":false},"author":2,"featured_media":13576,"comment_status":"open","ping_status":"open","sticky":false,"template":"","format":"standard","meta":{"footnotes":""},"categories":[978,5,176],"tags":[2971,1186,1185,3081],"class_list":["post-13575","post","type-post","status-publish","format-standard","has-post-thumbnail","hentry","category-gremiales","category-nacionales","category-politica","tag-apla","tag-fuerza","tag-medida","tag-pilotos"],"_links":{"self":[{"href":"https:\/\/partediario.com.ar\/index.php?rest_route=\/wp\/v2\/posts\/13575","targetHints":{"allow":["GET"]}}],"collection":[{"href":"https:\/\/partediario.com.ar\/index.php?rest_route=\/wp\/v2\/posts"}],"about":[{"href":"https:\/\/partediario.com.ar\/index.php?rest_route=\/wp\/v2\/types\/post"}],"author":[{"embeddable":true,"href":"https:\/\/partediario.com.ar\/index.php?rest_route=\/wp\/v2\/users\/2"}],"replies":[{"embeddable":true,"href":"https:\/\/partediario.com.ar\/index.php?rest_route=%2Fwp%2Fv2%2Fcomments&post=13575"}],"version-history":[{"count":1,"href":"https:\/\/partediario.com.ar\/index.php?rest_route=\/wp\/v2\/posts\/13575\/revisions"}],"predecessor-version":[{"id":13577,"href":"https:\/\/partediario.com.ar\/index.php?rest_route=\/wp\/v2\/posts\/13575\/revisions\/13577"}],"wp:featuredmedia":[{"embeddable":true,"href":"https:\/\/partediario.com.ar\/index.php?rest_route=\/wp\/v2\/media\/13576"}],"wp:attachment":[{"href":"https:\/\/partediario.com.ar\/index.php?rest_route=%2Fwp%2Fv2%2Fmedia&parent=13575"}],"wp:term":[{"taxonomy":"category","embeddable":true,"href":"https:\/\/partediario.com.ar\/index.php?rest_route=%2Fwp%2Fv2%2Fcategories&post=13575"},{"taxonomy":"post_tag","embeddable":true,"href":"https:\/\/partediario.com.ar\/index.php?rest_route=%2Fwp%2Fv2%2Ftags&post=13575"}],"curies":[{"name":"wp","href":"https:\/\/api.w.org\/{rel}","templated":true}]}}