{"id":13578,"date":"2025-07-10T18:16:45","date_gmt":"2025-07-10T21:16:45","guid":{"rendered":"https:\/\/partediario.com.ar\/?p=13578"},"modified":"2025-07-12T09:58:39","modified_gmt":"2025-07-12T12:58:39","slug":"conciliacion-obligatoria-en-el-conflicto-de-controladores-aereos","status":"publish","type":"post","link":"https:\/\/partediario.com.ar\/?p=13578","title":{"rendered":"Conciliaci\u00f3n Obligatoria en el conflicto de Controladores A\u00e9reos"},"content":{"rendered":"\n<h2 class=\"wp-block-heading\">El Ministerio de Capital Humano, a trav\u00e9s de la Secretar\u00eda de Trabajo, Empleo y Seguridad Social, dict\u00f3 la Conciliaci\u00f3n Obligatoria en el conflicto laboral que involucra a la Asociaci\u00f3n de T\u00e9cnicos y Empleados de Protecci\u00f3n y Seguridad a la Aeronavegaci\u00f3n (ATEPSA).<\/h2>\n\n\n\n<p>La medida, que rige desde las 00 horas del 11 de julio y se encuadra en la Ley N.\u00ba 14.786, establece un per\u00edodo de conciliaci\u00f3n de 15 d\u00edas, motivo por el cual las partes deber\u00e1n retrotraer la situaci\u00f3n al estado anterior al inicio del conflicto, se inform\u00f3 oficialmente.<\/p>\n\n\n\n<p>Trabajo intim\u00f3 a ATEPSA y, por su intermedio a los trabajadores por ella representados, a dejar sin efecto durante el per\u00edodo de conciliaci\u00f3n, toda medida de acci\u00f3n directa y a prestar servicios de manera normal y habitual.<\/p>\n\n\n\n<p>Y del mismo modo, orden\u00f3 a la Empresa Argentina de Navegaci\u00f3n A\u00e9rea (EANA S.E.), a retrotraer los despidos producidos, por el plazo que dure el procedimiento conciliatorio.<\/p>\n\n\n\n<p>La resoluci\u00f3n se fundamenta en que \u201cel Estado Nacional tiene el deber de garantizar la continuidad de los servicios esenciales para sus ciudadanos y resguardar el inter\u00e9s p\u00fablico, sin desatender los derechos laborales ni los mecanismos de negociaci\u00f3n colectiva\u201d.<\/p>\n\n\n\n<p>Las acciones gremiales afectaban espec\u00edficamente a vuelos comerciales nacionales e internacionales programados entre el 11 y el 30 de julio de 2025.<\/p>\n\n\n\n<p>Paralelamente a las negociaciones que se desarrollaban en la Secretar\u00eda de Trabajo, el gremio interpuso una medida cautelar de no innovar contra ANAC y EANA, la cual tramita ante el Juzgado Nacional del Trabajo N\u00b0 31.<\/p>\n\n\n\n<p>No obstante, fuentes oficiales indicaron que \u201cla decisi\u00f3n no es judiciable, porque fue tomada por la Autoridad Aeron\u00e1utica, con potestad sobre la Seguridad Operativa A\u00e9rea\u201d.<\/p>\n","protected":false},"excerpt":{"rendered":"<p>El Ministerio de Capital Humano, a trav&eacute;s de la Secretar&iacute;a de Trabajo, Empleo y Seguridad Social, dict&oacute; la Conciliaci&oacute;n Obligatoria en el conflicto laboral que involucra a la Asociaci&oacute;n de T&eacute;cnicos y Empleados de Protecci&oacute;n y Seguridad a la Aeronavegaci&oacute;n (ATEPSA). La medida, que rige desde las 00 horas del 11 de julio y se [&hellip;]<\/p>\n","protected":false},"author":2,"featured_media":13472,"comment_status":"open","ping_status":"open","sticky":false,"template":"","format":"standard","meta":{"footnotes":""},"categories":[978,5,176],"tags":[4200,2193,6317,4199,4623],"class_list":["post-13578","post","type-post","status-publish","format-standard","has-post-thumbnail","hentry","category-gremiales","category-nacionales","category-politica","tag-aereos","tag-conciliacion","tag-conflicto","tag-controladores","tag-obligatoria"],"_links":{"self":[{"href":"https:\/\/partediario.com.ar\/index.php?rest_route=\/wp\/v2\/posts\/13578","targetHints":{"allow":["GET"]}}],"collection":[{"href":"https:\/\/partediario.com.ar\/index.php?rest_route=\/wp\/v2\/posts"}],"about":[{"href":"https:\/\/partediario.com.ar\/index.php?rest_route=\/wp\/v2\/types\/post"}],"author":[{"embeddable":true,"href":"https:\/\/partediario.com.ar\/index.php?rest_route=\/wp\/v2\/users\/2"}],"replies":[{"embeddable":true,"href":"https:\/\/partediario.com.ar\/index.php?rest_route=%2Fwp%2Fv2%2Fcomments&post=13578"}],"version-history":[{"count":1,"href":"https:\/\/partediario.com.ar\/index.php?rest_route=\/wp\/v2\/posts\/13578\/revisions"}],"predecessor-version":[{"id":13579,"href":"https:\/\/partediario.com.ar\/index.php?rest_route=\/wp\/v2\/posts\/13578\/revisions\/13579"}],"wp:featuredmedia":[{"embeddable":true,"href":"https:\/\/partediario.com.ar\/index.php?rest_route=\/wp\/v2\/media\/13472"}],"wp:attachment":[{"href":"https:\/\/partediario.com.ar\/index.php?rest_route=%2Fwp%2Fv2%2Fmedia&parent=13578"}],"wp:term":[{"taxonomy":"category","embeddable":true,"href":"https:\/\/partediario.com.ar\/index.php?rest_route=%2Fwp%2Fv2%2Fcategories&post=13578"},{"taxonomy":"post_tag","embeddable":true,"href":"https:\/\/partediario.com.ar\/index.php?rest_route=%2Fwp%2Fv2%2Ftags&post=13578"}],"curies":[{"name":"wp","href":"https:\/\/api.w.org\/{rel}","templated":true}]}}