{"id":13586,"date":"2025-07-10T18:36:50","date_gmt":"2025-07-10T21:36:50","guid":{"rendered":"https:\/\/partediario.com.ar\/?p=13586"},"modified":"2025-07-12T09:58:32","modified_gmt":"2025-07-12T12:58:32","slug":"explosiva-acusacion-de-francos-por-la-sesion-en-el-senado-es-un-golpe-institucional-apunto","status":"publish","type":"post","link":"https:\/\/partediario.com.ar\/?p=13586","title":{"rendered":"Explosiva acusaci\u00f3n de Francos por la sesi\u00f3n en el Senado: \u201cEs un golpe institucional\u201d, apunt\u00f3"},"content":{"rendered":"\n<h2 class=\"wp-block-heading\">El jefe de Gabinete, Guillermo Francos, calific\u00f3 hoy a la sesi\u00f3n que se llevaba adelante en el recinto del Senado como \u201cun golpe institucional\u201d y anticip\u00f3 que, en caso de que se aprueben los proyectos que impulsa la oposici\u00f3n, el Gobierno no los dar\u00e1 por \u201cv\u00e1lidos\u201d.<\/h2>\n\n\n\n<p>\u201cLa sesi\u00f3n del Senado es una suerte de golpe institucional\u201d, asegur\u00f3 el jefe de Ministros en declaraciones radiales.<\/p>\n\n\n\n<p>Francos anticip\u00f3 que en caso de que se aprueben los proyectos de aumentos a las jubilaciones, la extensi\u00f3n de la moratoria y la declaraci\u00f3n de la emergencia por Discapacidad, el Gobierno \u201cno lo va a dar por v\u00e1lido\u201d y lo va a \u201cjudicializar\u201d porque, dijo, la sesi\u00f3n \u201cno es leg\u00edtima\u201d.<\/p>\n\n\n\n<p>\u201cEl Ejecutivo lo va a vetar y va a plantear judicialmente la ilegitimidad\u201d, precis\u00f3.<\/p>\n\n\n\n<p>Y se\u00f1al\u00f3 adem\u00e1s, que no se pueden aumentar las jubilaciones \u201cde manera ileg\u00edtima\u201d y \u201csin fundamentos ni recursos econ\u00f3micos\u201d y lanz\u00f3 cr\u00edticas hacia el kirchnerismo por \u201cdestruirlas\u201d durante su mandato.<\/p>\n\n\n\n<p>\u201cEl kirchnerismo destruy\u00f3 el sistema jubilatorio de la Argentina. Hay un inter\u00e9s por oponerse al plan econ\u00f3mico del Gobierno. No tienen argumentos para atacar, salvo imponer un gasto que no tiene recursos; quieren romper el equilibrio fiscal\u201d, expres\u00f3.<\/p>\n\n\n\n<p>Y advirti\u00f3 que la oposici\u00f3n \u201cintenta debilitarnos de ac\u00e1 a octubre, pero los resultados del plan econ\u00f3mico est\u00e1n y no lo van a poder cambiar\u201d.<\/p>\n\n\n\n<p>Frente a la posibilidad de que los proyectos del Senado rompan el equilibrio fiscal conseguido por la administraci\u00f3n libertaria, Francos neg\u00f3 que la aprobaci\u00f3n del temario vaya a a influir en las cuentas p\u00fablicas.<\/p>\n\n\n\n<p>\u201cLa sesi\u00f3n de hoy no es indispensable para el plan econ\u00f3mico que tenemos. Tampoco creo que sea determinante para el equilibrio fiscal.\u201d, subray\u00f3.<\/p>\n\n\n\n<p>Senadores peronistas, radicales, una macrista y de bloques provinciales fueron los que reunieron hoy el qu\u00f3rum en el Senado para abrir la sesi\u00f3n en la que los bloques opositores buscaban aprobar los proyectos de aumentos de las jubilaciones, declaraciones de emergencias y la coparticipaci\u00f3n del impuesto al combustible.<\/p>\n\n\n\n<p><\/p>\n\n\n\n<figure class=\"wp-block-video\"><video height=\"398\" style=\"aspect-ratio: 720 \/ 398;\" width=\"720\" controls src=\"https:\/\/partediario.com.ar\/wp-content\/uploads\/video-1.mp4\"><\/video><\/figure>\n\n\n\n<p><\/p>\n\n\n\n<p><\/p>\n","protected":false},"excerpt":{"rendered":"<p>El jefe de Gabinete, Guillermo Francos, calific&oacute; hoy a la sesi&oacute;n que se llevaba adelante en el recinto del Senado como &ldquo;un golpe institucional&rdquo; y anticip&oacute; que, en caso de que se aprueben los proyectos que impulsa la oposici&oacute;n, el Gobierno no los dar&aacute; por &ldquo;v&aacute;lidos&rdquo;. &ldquo;La sesi&oacute;n del Senado es una suerte de golpe [&hellip;]<\/p>\n","protected":false},"author":2,"featured_media":12796,"comment_status":"open","ping_status":"open","sticky":false,"template":"","format":"standard","meta":{"footnotes":""},"categories":[5,176],"tags":[6323,862,329,6325,230,2768],"class_list":["post-13586","post","type-post","status-publish","format-standard","has-post-thumbnail","hentry","category-nacionales","category-politica","tag-acusacion","tag-golpe","tag-guillermo-francos","tag-institucional","tag-senado","tag-sesion"],"_links":{"self":[{"href":"https:\/\/partediario.com.ar\/index.php?rest_route=\/wp\/v2\/posts\/13586","targetHints":{"allow":["GET"]}}],"collection":[{"href":"https:\/\/partediario.com.ar\/index.php?rest_route=\/wp\/v2\/posts"}],"about":[{"href":"https:\/\/partediario.com.ar\/index.php?rest_route=\/wp\/v2\/types\/post"}],"author":[{"embeddable":true,"href":"https:\/\/partediario.com.ar\/index.php?rest_route=\/wp\/v2\/users\/2"}],"replies":[{"embeddable":true,"href":"https:\/\/partediario.com.ar\/index.php?rest_route=%2Fwp%2Fv2%2Fcomments&post=13586"}],"version-history":[{"count":1,"href":"https:\/\/partediario.com.ar\/index.php?rest_route=\/wp\/v2\/posts\/13586\/revisions"}],"predecessor-version":[{"id":13588,"href":"https:\/\/partediario.com.ar\/index.php?rest_route=\/wp\/v2\/posts\/13586\/revisions\/13588"}],"wp:featuredmedia":[{"embeddable":true,"href":"https:\/\/partediario.com.ar\/index.php?rest_route=\/wp\/v2\/media\/12796"}],"wp:attachment":[{"href":"https:\/\/partediario.com.ar\/index.php?rest_route=%2Fwp%2Fv2%2Fmedia&parent=13586"}],"wp:term":[{"taxonomy":"category","embeddable":true,"href":"https:\/\/partediario.com.ar\/index.php?rest_route=%2Fwp%2Fv2%2Fcategories&post=13586"},{"taxonomy":"post_tag","embeddable":true,"href":"https:\/\/partediario.com.ar\/index.php?rest_route=%2Fwp%2Fv2%2Ftags&post=13586"}],"curies":[{"name":"wp","href":"https:\/\/api.w.org\/{rel}","templated":true}]}}