{"id":13589,"date":"2025-07-10T18:41:55","date_gmt":"2025-07-10T21:41:55","guid":{"rendered":"https:\/\/partediario.com.ar\/?p=13589"},"modified":"2025-07-12T09:58:27","modified_gmt":"2025-07-12T12:58:27","slug":"brutal-interna-en-el-gobierno-la-exigencia-de-bullrich-a-villarruel-para-que-se-retire-del-senado","status":"publish","type":"post","link":"https:\/\/partediario.com.ar\/?p=13589","title":{"rendered":"Brutal interna en el Gobierno: la exigencia de Bullrich a Villarruel para que se retire del Senado"},"content":{"rendered":"\n<h2 class=\"wp-block-heading\">La ministra de Seguridad, Patricia Bullrich, le solicit\u00f3 hoy a la vicepresidenta Victoria Villarruel que se \u201clevante\u201d de la sesi\u00f3n del Senado puesta en marcha por la oposici\u00f3n y le pidi\u00f3 \u201cno ser c\u00f3mplice del kirchnerismo destructor\u201d.<\/h2>\n\n\n\n<p>\u201cLev\u00e1ntese. No denigre la instituci\u00f3n que preside. No sea c\u00f3mplice del kirchnerismo destructor. Al menos siga del lado del pueblo que la vot\u00f3 para cambiar este pa\u00eds. No convalide a la corporaci\u00f3n pol\u00edtica m\u00e1s abyecta de la historia\u201d, poste\u00f3 Bullrich desde sus redes sociales.<\/p>\n\n\n\n<p><\/p>\n\n\n\n<blockquote class=\"twitter-tweet\"><p lang=\"es\" dir=\"ltr\">Lev\u00e1ntese, Sra. Vicepresidente. No denigre la instituci\u00f3n que preside. No sea c\u00f3mplice del kirchnerismo destructor. Al menos siga del lado del pueblo que la vot\u00f3 para cambiar este pa\u00eds. No convalide a la corporaci\u00f3n pol\u00edtica m\u00e1s abyecta de la historia.<\/p>&mdash; Patricia Bullrich (@PatoBullrich) <a href=\"https:\/\/twitter.com\/PatoBullrich\/status\/1943378222139199556?ref_src=twsrc%5Etfw\">July 10, 2025<\/a><\/blockquote> <script async src=\"https:\/\/platform.twitter.com\/widgets.js\" charset=\"utf-8\"><\/script>\n\n\n\n<p><\/p>\n\n\n\n<p>Senadores peronistas, radicales, una macrista y de bloques provinciales fueron los que reunieron hoy el qu\u00f3rum en el Senado para abrir la sesi\u00f3n en la que los bloques opositores buscaban aprobar los proyectos de aumentos de las jubilaciones, declaraciones de emergencias y la coparticipaci\u00f3n del impuesto al combustible.<\/p>\n","protected":false},"excerpt":{"rendered":"<p>La ministra de Seguridad, Patricia Bullrich, le solicit&oacute; hoy a la vicepresidenta Victoria Villarruel que se &ldquo;levante&rdquo; de la sesi&oacute;n del Senado puesta en marcha por la oposici&oacute;n y le pidi&oacute; &ldquo;no ser c&oacute;mplice del kirchnerismo destructor&rdquo;. &ldquo;Lev&aacute;ntese. No denigre la instituci&oacute;n que preside. No sea c&oacute;mplice del kirchnerismo destructor. Al menos siga del lado [&hellip;]<\/p>\n","protected":false},"author":2,"featured_media":13590,"comment_status":"open","ping_status":"open","sticky":false,"template":"","format":"standard","meta":{"footnotes":""},"categories":[5,176],"tags":[3515,4496,510,230,233],"class_list":["post-13589","post","type-post","status-publish","format-standard","has-post-thumbnail","hentry","category-nacionales","category-politica","tag-interna","tag-oficialista","tag-patricia-bullrich","tag-senado","tag-victoria-villarruel"],"_links":{"self":[{"href":"https:\/\/partediario.com.ar\/index.php?rest_route=\/wp\/v2\/posts\/13589","targetHints":{"allow":["GET"]}}],"collection":[{"href":"https:\/\/partediario.com.ar\/index.php?rest_route=\/wp\/v2\/posts"}],"about":[{"href":"https:\/\/partediario.com.ar\/index.php?rest_route=\/wp\/v2\/types\/post"}],"author":[{"embeddable":true,"href":"https:\/\/partediario.com.ar\/index.php?rest_route=\/wp\/v2\/users\/2"}],"replies":[{"embeddable":true,"href":"https:\/\/partediario.com.ar\/index.php?rest_route=%2Fwp%2Fv2%2Fcomments&post=13589"}],"version-history":[{"count":1,"href":"https:\/\/partediario.com.ar\/index.php?rest_route=\/wp\/v2\/posts\/13589\/revisions"}],"predecessor-version":[{"id":13591,"href":"https:\/\/partediario.com.ar\/index.php?rest_route=\/wp\/v2\/posts\/13589\/revisions\/13591"}],"wp:featuredmedia":[{"embeddable":true,"href":"https:\/\/partediario.com.ar\/index.php?rest_route=\/wp\/v2\/media\/13590"}],"wp:attachment":[{"href":"https:\/\/partediario.com.ar\/index.php?rest_route=%2Fwp%2Fv2%2Fmedia&parent=13589"}],"wp:term":[{"taxonomy":"category","embeddable":true,"href":"https:\/\/partediario.com.ar\/index.php?rest_route=%2Fwp%2Fv2%2Fcategories&post=13589"},{"taxonomy":"post_tag","embeddable":true,"href":"https:\/\/partediario.com.ar\/index.php?rest_route=%2Fwp%2Fv2%2Ftags&post=13589"}],"curies":[{"name":"wp","href":"https:\/\/api.w.org\/{rel}","templated":true}]}}