{"id":13592,"date":"2025-07-10T18:49:55","date_gmt":"2025-07-10T21:49:55","guid":{"rendered":"https:\/\/partediario.com.ar\/?p=13592"},"modified":"2025-07-12T09:58:13","modified_gmt":"2025-07-12T12:58:13","slug":"el-senado-aprobo-el-aumento-del-bono-jubilatorio-la-recomposicion-del-72-y-la-extension-de-la-moratoria","status":"publish","type":"post","link":"https:\/\/partediario.com.ar\/?p=13592","title":{"rendered":"El Senado aprob\u00f3 el aumento del bono jubilatorio, la recomposici\u00f3n del 7,2% y la extensi\u00f3n de la moratoria"},"content":{"rendered":"\n<h2 class=\"wp-block-heading\">El Senado aprob\u00f3 el aumento del bono jubilatorio, la recomposici\u00f3n del 7,2% y la extensi\u00f3n de la moratoria.<\/h2>\n\n\n\n<p>El Senado convirti\u00f3 hoy en ley el proyecto que aumenta los haberes jubilatorios en un 7,2 por ciento y eleva bono de 70.000 pesos a 110.000, y adem\u00e1s el proyecto que extiende de la moratoria previsional, de este modo le dio un duro golpe al gobierno del presidente Javier Milei, quien ya hab\u00eda advertido que vetar\u00eda esas iniciativas por atentar contra el equilibrio fiscal.<\/p>\n\n\n\n<p>El proyecto que incrementa las jubilaciones y el bono fue sancionada por 52 votos y 4 abstenciones; los votos fueron aportados por peronistas, radicales y partidos provinciales, con lo que se superaron los dos tercios de los sufragios.<\/p>\n\n\n\n<p>De la misma forma, la moratoria result\u00f3 aprobada por 39 votos afirmativos, 14 negativos y una abstenci\u00f3n.<\/p>\n\n\n\n<p>Una de las tantas particularidades de la sesi\u00f3n fue que se cay\u00f3 el sistema, lo que podr\u00eda abrir m\u00e1s frentes de discusi\u00f3n en este tema.<\/p>\n\n\n\n<p>Antes de la votaci\u00f3n, La Libertad Avanza (LLA), el grueso del PRO y otros representantes de partidos provinciales decidieron ausentarse: los libertarios no reconocen la sesi\u00f3n y sostienen que la judicializar\u00e1n.<\/p>\n\n\n\n<p>La sesi\u00f3n inici\u00f3 pasadas las 14:15, despues que la oposici\u00f3n lograra reunir el qu\u00f3rum aportado por los 34 senadores del interbloque peronista, a los que se sumaron el presidente del bloque de la UCR, Eduardo Vischi, y sus pares de bancada Mart\u00edn Lousteau, Favio Fama, Pablo Blanco y Maximiliano Abad.<\/p>\n\n\n\n<p>Adem\u00e1s lo hicieron el jefe de la bancada Las Provincias Unidas, Carlos \u201cCamau\u201d Esp\u00ednola; la cordobesa Alejandra Vigo y la rionegrina M\u00f3nica Silva; se sumaron los santacruce\u00f1os que responden al mandatario Claudio Vidal, Natalia Gadano y Jos\u00e9 Carambia.<\/p>\n\n\n\n<p>Se sum\u00f3 la senadora del PRO Guadalupe Tagliaferri, una dirigente muy cercana a Horacio Rodr\u00edguez Larreta.<\/p>\n\n\n\n<p>Tras una hora y media de discusi\u00f3n para imponer el temario, prim\u00f3 la iniciativa del peronista Jos\u00e9 Mayans que tambi\u00e9n impuso con mayor\u00eda su criterio de considerar v\u00e1lidos los despachos -objetados por los libertarios-, por lo que de esa manera se inici\u00f3 el debate por los proyectos aprobados.<\/p>\n\n\n\n<p>El primero en tomar la palabra fue el senador peronista Mariano Recalde, que defendi\u00f3 proyecto aprobado por Diputados, aunque reconoci\u00f3 que esa mejora \u201ces m\u00ednima\u201d ya que alcanza a \u201ccubrir solo\u201d para peque\u00f1os gastos, aunque destac\u00f3 que ese incremento est\u00e1 solventado con las propuestas de financiamiento que se han incluido en esa iniciativa.<\/p>\n\n\n\n<p>\u201cEl proyecto cuenta con fuente de financiamiento propia que permitir\u00eda llevar un peque\u00f1o alivio a los jubilados y responder fiscalmente a esta necesidad. Tambi\u00e9n se plantea el redireccionamiento de las partidas que el Poder Ejecutivo asign\u00f3 para la SIDE\u201d, apunt\u00f3 Recalde.<\/p>\n\n\n\n<p>Por su parte la senadora del PRO Carmen \u00c1lvarez Rivero expres\u00f3 su rechazo al proyecto aprobado en la C\u00e1mara de Diputados y dijo que se deben estudiar otras propuestas si se quiere ayudar a los jubilados, como la situaci\u00f3n del empleo, para tratar el problema del trabajo sin registrar.<\/p>\n\n\n\n<p>Indic\u00f3 adem\u00e1s, que le \u201cpreocupan los jubilados y si de verdad queremos ayudarlos debemos tomar el toro por la astas y resolver entonces el problema de diez millones de trabajadores argentinos que est\u00e1n en la informalidad y no aportan\u201d.<\/p>\n\n\n\n<p>Por su parte, Tagliaferri se lament\u00f3 que el a\u00f1o pasado un grupo de diputados hayan avalado el veto Milei y sostuvo: \u201cLa casta para el Gobierno son los jubilados. Por mas que digan desde el relato cosas distintas\u201d, aunque vot\u00f3 contra la moratoria previsional.<\/p>\n\n\n\n<p>La senadora Silva indic\u00f3 que \u201ces muy importante que hoy logremos la aprobaci\u00f3n de esta ley y apelemos a la sensibilidad del Gobierno para que sea aplicable\u201d.<\/p>\n\n\n\n<p>El proyecto de jubilaciones ratific\u00f3 el decreto presidencial 274\/2024 que establece que las jubilaciones y pensiones se actualizar\u00e1n de acuerdo al \u00edndice inflacionaria.<\/p>\n\n\n\n<p>En su paso por la C\u00e1mara baja, a propuesta del diputado de Encuentro Federal Nicol\u00e1s Massot, se incorporaron art\u00edculos para financiar el aumento de las jubilaciones y del bono.<\/p>\n\n\n\n<p>En ese sentido, se propone incorporar un art\u00edculo para establecer la derogaci\u00f3n de la exenci\u00f3n del impuesto del IVA a los directores de empresas, de ganancias a las sociedades de garant\u00edas reciprocas, y establece que se deben readecuar las partidas para utilizar los 32.616 millones de pesos que le corresponden a la SIDE.<\/p>\n\n\n\n<p>Adem\u00e1s propone usar el ahorro de la baja de tasa del FMI y la nacionalizaci\u00f3n de los recursos que se recaudan por los registros del automotor.<\/p>\n\n\n\n<p>Otro punto del proyecto se refiere a las cajas jubilatorias y en ese sentido dispone que la Anses transferir\u00e1 antes del 20 de cada mes a las Provincias que no cedieron sus cajas previsionales a la Naci\u00f3n un anticipo mensual equivalente a una doceava parte del \u00faltimo a\u00f1o.<\/p>\n\n\n\n<p>La moratoria previsional establece que las personas personas en edad jubilatoria -hombres desde 65 a\u00f1os y mujeres desde 60- sin llegar a los 30 a\u00f1os de aportes puedan regularizar sus deudas previsionales y, de esa manera, cobrar la jubilaci\u00f3n m\u00ednima, con el descuento correspondiente al plan de facilidades de pago en cuotas.<\/p>\n\n\n\n<p>Sin la moratoria, solo podr\u00e1n acceder a la Prestaci\u00f3n Universal al Adulto Mayor (PUAM) a los 65 a\u00f1os y pasar a percibir el 80% del haber m\u00ednimo jubilatorio, sin derecho a recibir pensiones por viudez, en tanto acceder\u00e1n a este plan unos 440 mil trabajadores en dos a\u00f1os ya que solo lo podr\u00e1n acceder quien cumplan determinados requisitos. Fuente NA por Gonzalo Delmonte.<\/p>\n","protected":false},"excerpt":{"rendered":"<p>El Senado aprob&oacute; el aumento del bono jubilatorio, la recomposici&oacute;n del 7,2% y la extensi&oacute;n de la moratoria. El Senado convirti&oacute; hoy en ley el proyecto que aumenta los haberes jubilatorios en un 7,2 por ciento y eleva bono de 70.000 pesos a 110.000, y adem&aacute;s el proyecto que extiende de la moratoria previsional, de [&hellip;]<\/p>\n","protected":false},"author":2,"featured_media":13593,"comment_status":"open","ping_status":"open","sticky":false,"template":"","format":"standard","meta":{"footnotes":""},"categories":[5,176],"tags":[3545,622,1266,1357,355,3842,230],"class_list":["post-13592","post","type-post","status-publish","format-standard","has-post-thumbnail","hentry","category-nacionales","category-politica","tag-aprobo","tag-aumento","tag-bono","tag-extension","tag-jubilatorio","tag-moratoria","tag-senado"],"_links":{"self":[{"href":"https:\/\/partediario.com.ar\/index.php?rest_route=\/wp\/v2\/posts\/13592","targetHints":{"allow":["GET"]}}],"collection":[{"href":"https:\/\/partediario.com.ar\/index.php?rest_route=\/wp\/v2\/posts"}],"about":[{"href":"https:\/\/partediario.com.ar\/index.php?rest_route=\/wp\/v2\/types\/post"}],"author":[{"embeddable":true,"href":"https:\/\/partediario.com.ar\/index.php?rest_route=\/wp\/v2\/users\/2"}],"replies":[{"embeddable":true,"href":"https:\/\/partediario.com.ar\/index.php?rest_route=%2Fwp%2Fv2%2Fcomments&post=13592"}],"version-history":[{"count":1,"href":"https:\/\/partediario.com.ar\/index.php?rest_route=\/wp\/v2\/posts\/13592\/revisions"}],"predecessor-version":[{"id":13594,"href":"https:\/\/partediario.com.ar\/index.php?rest_route=\/wp\/v2\/posts\/13592\/revisions\/13594"}],"wp:featuredmedia":[{"embeddable":true,"href":"https:\/\/partediario.com.ar\/index.php?rest_route=\/wp\/v2\/media\/13593"}],"wp:attachment":[{"href":"https:\/\/partediario.com.ar\/index.php?rest_route=%2Fwp%2Fv2%2Fmedia&parent=13592"}],"wp:term":[{"taxonomy":"category","embeddable":true,"href":"https:\/\/partediario.com.ar\/index.php?rest_route=%2Fwp%2Fv2%2Fcategories&post=13592"},{"taxonomy":"post_tag","embeddable":true,"href":"https:\/\/partediario.com.ar\/index.php?rest_route=%2Fwp%2Fv2%2Ftags&post=13592"}],"curies":[{"name":"wp","href":"https:\/\/api.w.org\/{rel}","templated":true}]}}