{"id":13598,"date":"2025-07-12T09:34:41","date_gmt":"2025-07-12T12:34:41","guid":{"rendered":"https:\/\/partediario.com.ar\/?p=13598"},"modified":"2025-07-13T11:09:38","modified_gmt":"2025-07-13T14:09:38","slug":"la-impactante-jubilacion-de-adolfo-rodriguez-saa-por-sus-7-dias-como-presidente","status":"publish","type":"post","link":"https:\/\/partediario.com.ar\/?p=13598","title":{"rendered":"La impactante jubilaci\u00f3n de Adolfo Rodr\u00edguez Sa\u00e1 por sus 7 d\u00edas como presidente"},"content":{"rendered":"\n<h2 class=\"wp-block-heading\">En medio del debate por el ajuste a los haberes previsionales, las jubilaciones de privilegio de ex presidentes y vicepresidentes generan una fuerte pol\u00e9mica. En total, el Estado destin\u00f3 en diciembre \u00faltimo $126,7 millones netos para pagar 11 de estas asignaciones vitalicias, una cifra que equivale a 385 jubilaciones m\u00ednimas con bono incluido.<\/h2>\n\n\n\n<p>Seg\u00fan se supo a partir de datos de la ANSES, el caso del ex presidente Adolfo Rodr\u00edguez Sa\u00e1 es uno de los m\u00e1s emblem\u00e1ticos: por su mandato de apenas siete d\u00edas en 2001, en diciembre percibi\u00f3 un haber de $15,1 millones. El listado de los que m\u00e1s cobran lo encabeza Mauricio Macri, con $15,7 millones netos en el mismo per\u00edodo.<\/p>\n\n\n\n<p>La lista de los haberes m\u00e1s altos la completan las pensiones de las ex primeras damas Zulema Yoma ($13,1 millones) y Bety Andr\u00e9s ($12,6 millones), seguidas por la ex vicepresidenta Gabriela Michetti, quien cobr\u00f3 $11,7 millones, cifra similar a la que figura en la infograf\u00eda de Clar\u00edn que acompa\u00f1a un informe.<\/p>\n\n\n\n<p>El dato que expone la profunda inequidad del sistema es la evoluci\u00f3n de los montos: entre mayo y diciembre de 2024, la masa total de estas jubilaciones de privilegio aument\u00f3 un 104% en t\u00e9rminos reales. En el mismo per\u00edodo, los haberes m\u00ednimos (con bono) solo lo hicieron en un 29%.<\/p>\n\n\n\n<p>Este selecto grupo de 11 beneficiarios se redujo recientemente. La ANSES le quit\u00f3 el beneficio a la ex presidenta Cristina Fern\u00e1ndez de Kirchner (tras la confirmaci\u00f3n de su condena en la causa \u00abVialidad\u00bb) y al ex vicepresidente Amado Boudou (condenado por el caso Ciccone). El \u00faltimo haber de la ex mandataria, sumando su jubilaci\u00f3n y pensi\u00f3n, ascend\u00eda a $21,8 millones.<\/p>\n\n\n\n<p>El debate pol\u00edtico sobre estos reg\u00edmenes especiales sigue en la mira. Mientras la C\u00e1mara de Diputados rechaz\u00f3 eliminar las jubilaciones de privilegio para futuros mandatarios, el presidente Javier Milei present\u00f3 formalmente su renuncia a cobrar este beneficio en el futuro.<\/p>\n","protected":false},"excerpt":{"rendered":"<p>En medio del debate por el ajuste a los haberes previsionales, las jubilaciones de privilegio de ex presidentes y vicepresidentes generan una fuerte pol&eacute;mica. En total, el Estado destin&oacute; en diciembre &uacute;ltimo $126,7 millones netos para pagar 11 de estas asignaciones vitalicias, una cifra que equivale a 385 jubilaciones m&iacute;nimas con bono incluido. Seg&uacute;n se [&hellip;]<\/p>\n","protected":false},"author":2,"featured_media":13599,"comment_status":"open","ping_status":"open","sticky":false,"template":"","format":"standard","meta":{"footnotes":""},"categories":[5,176],"tags":[6326,1234,6329,6327,2672,1101,4218,6328],"class_list":["post-13598","post","type-post","status-publish","format-standard","has-post-thumbnail","hentry","category-nacionales","category-politica","tag-adolfo-rodriguez-saa","tag-anses","tag-bety-andres","tag-gabriela-michetti","tag-jubilacion","tag-mauricio-macri","tag-privilegio","tag-zulema-yoma"],"_links":{"self":[{"href":"https:\/\/partediario.com.ar\/index.php?rest_route=\/wp\/v2\/posts\/13598","targetHints":{"allow":["GET"]}}],"collection":[{"href":"https:\/\/partediario.com.ar\/index.php?rest_route=\/wp\/v2\/posts"}],"about":[{"href":"https:\/\/partediario.com.ar\/index.php?rest_route=\/wp\/v2\/types\/post"}],"author":[{"embeddable":true,"href":"https:\/\/partediario.com.ar\/index.php?rest_route=\/wp\/v2\/users\/2"}],"replies":[{"embeddable":true,"href":"https:\/\/partediario.com.ar\/index.php?rest_route=%2Fwp%2Fv2%2Fcomments&post=13598"}],"version-history":[{"count":1,"href":"https:\/\/partediario.com.ar\/index.php?rest_route=\/wp\/v2\/posts\/13598\/revisions"}],"predecessor-version":[{"id":13600,"href":"https:\/\/partediario.com.ar\/index.php?rest_route=\/wp\/v2\/posts\/13598\/revisions\/13600"}],"wp:featuredmedia":[{"embeddable":true,"href":"https:\/\/partediario.com.ar\/index.php?rest_route=\/wp\/v2\/media\/13599"}],"wp:attachment":[{"href":"https:\/\/partediario.com.ar\/index.php?rest_route=%2Fwp%2Fv2%2Fmedia&parent=13598"}],"wp:term":[{"taxonomy":"category","embeddable":true,"href":"https:\/\/partediario.com.ar\/index.php?rest_route=%2Fwp%2Fv2%2Fcategories&post=13598"},{"taxonomy":"post_tag","embeddable":true,"href":"https:\/\/partediario.com.ar\/index.php?rest_route=%2Fwp%2Fv2%2Ftags&post=13598"}],"curies":[{"name":"wp","href":"https:\/\/api.w.org\/{rel}","templated":true}]}}