{"id":13604,"date":"2025-07-12T09:47:57","date_gmt":"2025-07-12T12:47:57","guid":{"rendered":"https:\/\/partediario.com.ar\/?p=13604"},"modified":"2025-07-13T11:09:30","modified_gmt":"2025-07-13T14:09:30","slug":"adorni-lanzo-su-propio-6-7-8-y-cruza-a-periodistas-y-desmiente-las-presuntas-fake-news","status":"publish","type":"post","link":"https:\/\/partediario.com.ar\/?p=13604","title":{"rendered":"Adorni lanz\u00f3 su propio \u201c6-7-8\u201d y cruza a periodistas y desmiente las presuntas \u201cfake news\u201d"},"content":{"rendered":"\n<h2 class=\"wp-block-heading\">El vocero presidencial Manuel Adorni condujo hoy el primer env\u00edo de \u00abFake-7-8\u00bb, un programa que se transmiti\u00f3 en vivo por su cuenta personal de YouTube, en el que sali\u00f3 a cruzar las que consider\u00f3 \u00abnoticias falsas\u00bb que circularon en medios y redes contra el gobierno de Javier Milei.<\/h2>\n\n\n\n<p>El programa, cuyo t\u00edtulo parodia al ciclo kirchnerista \u00ab6-7-8\u00bb, se emitir\u00e1, en principio, cada viernes a las 13 y m\u00e1s adelante se har\u00eda un d\u00faplex para que salga al aire en simult\u00e1neo por la TV P\u00fablica.<\/p>\n\n\n\n<p>El primer env\u00edo tuvo unos 40 minutos de extensi\u00f3n, en los que Adorni hizo un repaso de la \u201ccantidad muy impresionante\u201d de fake news seg\u00fan \u00e9l, circularon para afectar a la gesti\u00f3n libertaria, y se propuso desmontarlas aunque para eso en muchos casos se vali\u00f3 m\u00e1s de su propia opini\u00f3n que de la difusi\u00f3n de datos incontrastables.<\/p>\n\n\n\n<p>En primer lugar, el legislador porte\u00f1o electo desminti\u00f3 una informaci\u00f3n que se viraliz\u00f3 acerca de que el Gobierno nacional \u00abcentraliz\u00f3 el INTI y el INTA y elimin\u00f3 el Instituto Nacional contra el C\u00e1ncer\u00bb. Sobre este tema, se\u00f1al\u00f3 que el Instituto Nacional del C\u00e1ncer no se va a cerrar sino que se va a transformar, con una estructura administrativa m\u00e1s chica y que eso no significa un cierre del mismo.<\/p>\n\n\n\n<p><\/p>\n\n\n\n<blockquote class=\"twitter-tweet\"><p lang=\"es\" dir=\"ltr\">El viernes que viene a las 13 horas en \u201cFake, 7, 8\u201d desmentiremos esto. Fin. <a href=\"https:\/\/t.co\/q9RfgmTz1A\">https:\/\/t.co\/q9RfgmTz1A<\/a><\/p>&mdash; Manuel Adorni (@madorni) <a href=\"https:\/\/twitter.com\/madorni\/status\/1943746871677120737?ref_src=twsrc%5Etfw\">July 11, 2025<\/a><\/blockquote> <script async src=\"https:\/\/platform.twitter.com\/widgets.js\" charset=\"utf-8\"><\/script>\n\n\n\n<p><\/p>\n\n\n\n<p>Tambi\u00e9n desestim\u00f3 no una noticia, sino una opini\u00f3n de un periodista en su cuenta de X sobre los proyectos que convirti\u00f3 en ley el Senado y que ser\u00e1n vetados por el presidente Javier Milei.<\/p>\n\n\n\n<p>M\u00e1s adelante, rechaz\u00f3 el t\u00edtulo de un portal de noticias que inform\u00f3 que Adorni \u00abse pele\u00f3 en vivo con un periodista y lo ech\u00f3 de la conferencia\u00bb. \u201cNo me pele\u00e9 con nadie. Estaba dando una conferencia de prensa, se incumpli\u00f3 con reglas de convivencia b\u00e1sicas, como es atender una llamada de tel\u00e9fono, y simplemente le ped\u00ed que se retire porque es una falta de respeto\u00bb, argument\u00f3 el vocero.<\/p>\n\n\n\n<p>Adorni hizo referencia adem\u00e1s al video editado que circul\u00f3 en redes del periodista Alejandro Fantino y pas\u00f3 al aire el fragmento pero sin los recortes que se le hab\u00edan hecho.<\/p>\n\n\n\n<p>Tambi\u00e9n cruz\u00f3 las noticias acerca de que Milei no viaj\u00f3 a Tucum\u00e1n por el 9 de Julio debido a los pocos gobernadores que lo iban a acompa\u00f1ar en la ceremonia y no tanto por las cuestiones clim\u00e1ticas.<\/p>\n\n\n\n<p>Sobre este punto, reiter\u00f3 que el motivo de su inasistencia fue la neblina: \u201cCuando el Presidente viaja, vuelve. Porque sino se tendr\u00eda que quedar a vivir en Tucum\u00e1n. El problema era la vuelta del avi\u00f3n, que estaba prevista para la 1 de la madrugada. El Presidente no pod\u00eda quedar varado, por cuesti\u00f3n de seguridad\u00bb.<\/p>\n\n\n\n<p>Difundi\u00f3 adem\u00e1s noticias que salieron sobre el caso de las supuestas valijas si revisar en un vuelo procedente de los Estados Unidos, a lo que respondi\u00f3: \u00abEl piloto declar\u00f3. Yo ten\u00eda raz\u00f3n. Nunca pidieron disculpas\u00bb.<\/p>\n\n\n\n<p>Al final del streaming, Adorni inst\u00f3 a que le env\u00eden \u00abfake news\u00bb durante la semana para que \u00e9l las desmonte en el programa del pr\u00f3ximo viernes.<\/p>\n","protected":false},"excerpt":{"rendered":"<p>El vocero presidencial Manuel Adorni condujo hoy el primer env&iacute;o de &laquo;Fake-7-8&raquo;, un programa que se transmiti&oacute; en vivo por su cuenta personal de YouTube, en el que sali&oacute; a cruzar las que consider&oacute; &laquo;noticias falsas&raquo; que circularon en medios y redes contra el gobierno de Javier Milei. El programa, cuyo t&iacute;tulo parodia al ciclo [&hellip;]<\/p>\n","protected":false},"author":2,"featured_media":13605,"comment_status":"open","ping_status":"open","sticky":false,"template":"","format":"standard","meta":{"footnotes":""},"categories":[5,176],"tags":[646],"class_list":["post-13604","post","type-post","status-publish","format-standard","has-post-thumbnail","hentry","category-nacionales","category-politica","tag-manuel-adorni"],"_links":{"self":[{"href":"https:\/\/partediario.com.ar\/index.php?rest_route=\/wp\/v2\/posts\/13604","targetHints":{"allow":["GET"]}}],"collection":[{"href":"https:\/\/partediario.com.ar\/index.php?rest_route=\/wp\/v2\/posts"}],"about":[{"href":"https:\/\/partediario.com.ar\/index.php?rest_route=\/wp\/v2\/types\/post"}],"author":[{"embeddable":true,"href":"https:\/\/partediario.com.ar\/index.php?rest_route=\/wp\/v2\/users\/2"}],"replies":[{"embeddable":true,"href":"https:\/\/partediario.com.ar\/index.php?rest_route=%2Fwp%2Fv2%2Fcomments&post=13604"}],"version-history":[{"count":1,"href":"https:\/\/partediario.com.ar\/index.php?rest_route=\/wp\/v2\/posts\/13604\/revisions"}],"predecessor-version":[{"id":13606,"href":"https:\/\/partediario.com.ar\/index.php?rest_route=\/wp\/v2\/posts\/13604\/revisions\/13606"}],"wp:featuredmedia":[{"embeddable":true,"href":"https:\/\/partediario.com.ar\/index.php?rest_route=\/wp\/v2\/media\/13605"}],"wp:attachment":[{"href":"https:\/\/partediario.com.ar\/index.php?rest_route=%2Fwp%2Fv2%2Fmedia&parent=13604"}],"wp:term":[{"taxonomy":"category","embeddable":true,"href":"https:\/\/partediario.com.ar\/index.php?rest_route=%2Fwp%2Fv2%2Fcategories&post=13604"},{"taxonomy":"post_tag","embeddable":true,"href":"https:\/\/partediario.com.ar\/index.php?rest_route=%2Fwp%2Fv2%2Ftags&post=13604"}],"curies":[{"name":"wp","href":"https:\/\/api.w.org\/{rel}","templated":true}]}}