{"id":13628,"date":"2025-07-13T20:21:48","date_gmt":"2025-07-13T23:21:48","guid":{"rendered":"https:\/\/partediario.com.ar\/?p=13628"},"modified":"2025-07-14T11:59:14","modified_gmt":"2025-07-14T14:59:14","slug":"santa-elena-se-llevan-adelante-obras-de-repavimentacion-y-recuperacion-de-calzadas","status":"publish","type":"post","link":"https:\/\/partediario.com.ar\/?p=13628","title":{"rendered":"Santa Elena: se llevan adelante obras de repavimentaci\u00f3n y recuperaci\u00f3n de calzadas"},"content":{"rendered":"\n<h2 class=\"wp-block-heading\">A pesar del dif\u00edcil contexto econ\u00f3mico y la ca\u00edda de la coparticipaci\u00f3n, el Municipio de Santa Elena contin\u00faa invirtiendo en mejoras para transformar la ciudad.<\/h2>\n\n\n\n<p>Con fondos municipales y el trabajo de la Empresa De Mart\u00edn, avanzamos con trabajos de bacheo, repavimentaci\u00f3n y recuperaci\u00f3n de calzadas en distintos sectores de la ciudad, garantizando mayor seguridad vial y mejor transitabilidad para todos los vecinos.<\/p>\n\n\n\n<p><\/p>\n\n\n\n<figure class=\"wp-block-image size-full\"><img loading=\"lazy\" decoding=\"async\" width=\"1024\" height=\"576\" src=\"https:\/\/partediario.com.ar\/wp-content\/uploads\/518292629_1162391795932574_604948698311271755_n.jpg\" alt=\"\" class=\"wp-image-13629\" srcset=\"https:\/\/partediario.com.ar\/wp-content\/uploads\/518292629_1162391795932574_604948698311271755_n.jpg 1024w, https:\/\/partediario.com.ar\/wp-content\/uploads\/518292629_1162391795932574_604948698311271755_n-300x169.jpg 300w, https:\/\/partediario.com.ar\/wp-content\/uploads\/518292629_1162391795932574_604948698311271755_n-768x432.jpg 768w\" sizes=\"auto, (max-width: 1024px) 100vw, 1024px\" \/><\/figure>\n\n\n\n<p><\/p>\n\n\n\n<figure class=\"wp-block-image size-full\"><img loading=\"lazy\" decoding=\"async\" width=\"1024\" height=\"577\" src=\"https:\/\/partediario.com.ar\/wp-content\/uploads\/518284861_1162391549265932_3868160661471945754_n.jpg\" alt=\"\" class=\"wp-image-13630\" srcset=\"https:\/\/partediario.com.ar\/wp-content\/uploads\/518284861_1162391549265932_3868160661471945754_n.jpg 1024w, https:\/\/partediario.com.ar\/wp-content\/uploads\/518284861_1162391549265932_3868160661471945754_n-300x169.jpg 300w, https:\/\/partediario.com.ar\/wp-content\/uploads\/518284861_1162391549265932_3868160661471945754_n-768x433.jpg 768w\" sizes=\"auto, (max-width: 1024px) 100vw, 1024px\" \/><\/figure>\n\n\n\n<p><\/p>\n\n\n\n<figure class=\"wp-block-image size-full\"><img loading=\"lazy\" decoding=\"async\" width=\"1024\" height=\"577\" src=\"https:\/\/partediario.com.ar\/wp-content\/uploads\/517988973_1162391929265894_3936300338125420479_n-1.jpg\" alt=\"\" class=\"wp-image-13635\" srcset=\"https:\/\/partediario.com.ar\/wp-content\/uploads\/517988973_1162391929265894_3936300338125420479_n-1.jpg 1024w, https:\/\/partediario.com.ar\/wp-content\/uploads\/517988973_1162391929265894_3936300338125420479_n-1-300x169.jpg 300w, https:\/\/partediario.com.ar\/wp-content\/uploads\/517988973_1162391929265894_3936300338125420479_n-1-768x433.jpg 768w\" sizes=\"auto, (max-width: 1024px) 100vw, 1024px\" \/><\/figure>\n\n\n\n<p><\/p>\n\n\n\n<p>Con obras reales y respuestas concretas, Santa Elena contin\u00faa creciendo.<\/p>\n","protected":false},"excerpt":{"rendered":"<p>A pesar del dif&iacute;cil contexto econ&oacute;mico y la ca&iacute;da de la coparticipaci&oacute;n, el Municipio de Santa Elena contin&uacute;a invirtiendo en mejoras para transformar la ciudad. Con fondos municipales y el trabajo de la Empresa De Mart&iacute;n, avanzamos con trabajos de bacheo, repavimentaci&oacute;n y recuperaci&oacute;n de calzadas en distintos sectores de la ciudad, garantizando mayor seguridad [&hellip;]<\/p>\n","protected":false},"author":2,"featured_media":13634,"comment_status":"open","ping_status":"open","sticky":false,"template":"","format":"standard","meta":{"footnotes":""},"categories":[3272],"tags":[6343,330,6020,2927,207],"class_list":["post-13628","post","type-post","status-publish","format-standard","has-post-thumbnail","hentry","category-municipales","tag-calzadas","tag-obras","tag-pavimentacion","tag-recuperacion","tag-santa-elena"],"_links":{"self":[{"href":"https:\/\/partediario.com.ar\/index.php?rest_route=\/wp\/v2\/posts\/13628","targetHints":{"allow":["GET"]}}],"collection":[{"href":"https:\/\/partediario.com.ar\/index.php?rest_route=\/wp\/v2\/posts"}],"about":[{"href":"https:\/\/partediario.com.ar\/index.php?rest_route=\/wp\/v2\/types\/post"}],"author":[{"embeddable":true,"href":"https:\/\/partediario.com.ar\/index.php?rest_route=\/wp\/v2\/users\/2"}],"replies":[{"embeddable":true,"href":"https:\/\/partediario.com.ar\/index.php?rest_route=%2Fwp%2Fv2%2Fcomments&post=13628"}],"version-history":[{"count":1,"href":"https:\/\/partediario.com.ar\/index.php?rest_route=\/wp\/v2\/posts\/13628\/revisions"}],"predecessor-version":[{"id":13636,"href":"https:\/\/partediario.com.ar\/index.php?rest_route=\/wp\/v2\/posts\/13628\/revisions\/13636"}],"wp:featuredmedia":[{"embeddable":true,"href":"https:\/\/partediario.com.ar\/index.php?rest_route=\/wp\/v2\/media\/13634"}],"wp:attachment":[{"href":"https:\/\/partediario.com.ar\/index.php?rest_route=%2Fwp%2Fv2%2Fmedia&parent=13628"}],"wp:term":[{"taxonomy":"category","embeddable":true,"href":"https:\/\/partediario.com.ar\/index.php?rest_route=%2Fwp%2Fv2%2Fcategories&post=13628"},{"taxonomy":"post_tag","embeddable":true,"href":"https:\/\/partediario.com.ar\/index.php?rest_route=%2Fwp%2Fv2%2Ftags&post=13628"}],"curies":[{"name":"wp","href":"https:\/\/api.w.org\/{rel}","templated":true}]}}