{"id":13637,"date":"2025-07-13T20:27:52","date_gmt":"2025-07-13T23:27:52","guid":{"rendered":"https:\/\/partediario.com.ar\/?p=13637"},"modified":"2025-07-22T20:24:20","modified_gmt":"2025-07-22T23:24:20","slug":"el-tiempo-en-argentina-esta-semana-regresan-el-frio-y-las-tormentas-algunas-fuertes-pero-por-poco-tiempo","status":"publish","type":"post","link":"https:\/\/partediario.com.ar\/?p=13637","title":{"rendered":"El tiempo en Argentina esta semana: regresan el fr\u00edo y las tormentas, algunas fuertes, pero por poco tiempo"},"content":{"rendered":"\n<h2 class=\"wp-block-heading\">Tras varios d\u00edas con una atm\u00f3sfera estable y temperaturas m\u00e1s altas que lo normal, el invierno volver\u00e1 a decir presente y acompa\u00f1ado por precipitaciones, algunas fuertes\u2026 y todo en forma temporaria.<\/h2>\n\n\n\n<p>Ha sido muy evidente el contraste t\u00e9rmico entre la semana anterior y la que acaba de terminar ayer: de valores por debajo de los normales para julio, pasamos a tener valores por encima del promedio, tanto en las m\u00ednimas y en las m\u00e1ximas para gran parte del territorio nacional.<\/p>\n\n\n\n<p>Es que la presencia de aire m\u00e1s c\u00e1lido y h\u00famedo sobre el centro del pa\u00eds, ha favorecido la presencia de bancos de nieblas y neblinas, tanto debidas al enfriamiento nocturno como por el aporte de aire h\u00famedo desde el este. Por otro lado, las condiciones de estabilidad atmosf\u00e9rica favorecieron estos eventos que redujeron significativamente la visibilidad y mantuvieron a gran parte del centro y norte del pa\u00eds o bien libre de precipitaciones, o con algunas d\u00e9biles y dispersas, especialmente sobre el centro del Litoral, C\u00f3rdoba y Santiago del Estero.<\/p>\n\n\n\n<p>Esta situaci\u00f3n de temperaturas algo fuera de temporada est\u00e1 por finalizar, aunque de manera temporaria. Es que el avance de un frente de aire fr\u00edo que entrar\u00e1 por el noroeste patag\u00f3nico hacia la noche del lunes, avanzar\u00e1 r\u00e1pidamente hacia el nordeste, favoreciendo el desarrollo de \u00e1reas de precipitaciones y tormentas sobre la regi\u00f3n pampeana desde la tarde del martes, extendiendo sus dominios a todo el centro de la Argentina hacia el final del d\u00eda, acompa\u00f1ado por tormentas de variada intensidad, algunas localmente fuertes.<\/p>\n\n\n\n<p><strong>Precipitaciones, algunas localmente destacadas<\/strong><\/p>\n\n\n\n<p>El avance del frente de aire fr\u00edo sumado a condiciones favorables en la atm\u00f3sfera media, propiciar\u00e1n el desarrollo de \u00e1reas de precipitaciones en la noche del lunes 14 sobre la provincia de Buenos Aires. A medida que transcurre la madrugada del martes 15, se comenzar\u00e1n a desarrollar n\u00facleos de precipitaci\u00f3n asociados a chaparrones y tormentas sobre el centro y sur bonaerense, algunos de corta duraci\u00f3n y fuerte intensidad.<\/p>\n\n\n\n<p>Esta situaci\u00f3n ya ha motivado que el Servicio Meteorol\u00f3gico Nacional emita una alerta por tormentas para el martes, destacando que \u201clas mismas estar\u00e1n acompa\u00f1adas por fuerte actividad el\u00e9ctrica, intensas r\u00e1fagas, ocasional ca\u00edda de granizo y abundante ca\u00edda de agua en cortos per\u00edodos. Se esperan valores de precipitaci\u00f3n acumulada entre 30 y 50 mm, pudiendo ser superados de forma puntual\u201d, previsi\u00f3n que coincide con el an\u00e1lisis de los especialistas de Meteored Argentina.<\/p>\n\n\n\n<p><\/p>\n\n\n\n<figure class=\"wp-block-image size-full\"><img loading=\"lazy\" decoding=\"async\" width=\"1024\" height=\"720\" src=\"https:\/\/partediario.com.ar\/wp-content\/uploads\/el-tiempo-en-argentina-esta-semana-regresan-el-frio-y-las-tormentas-algunas-fuertes-pero-por-poco-tiempo-1752431175350_1024.jpg\" alt=\"\" class=\"wp-image-13638\" srcset=\"https:\/\/partediario.com.ar\/wp-content\/uploads\/el-tiempo-en-argentina-esta-semana-regresan-el-frio-y-las-tormentas-algunas-fuertes-pero-por-poco-tiempo-1752431175350_1024.jpg 1024w, https:\/\/partediario.com.ar\/wp-content\/uploads\/el-tiempo-en-argentina-esta-semana-regresan-el-frio-y-las-tormentas-algunas-fuertes-pero-por-poco-tiempo-1752431175350_1024-300x211.jpg 300w, https:\/\/partediario.com.ar\/wp-content\/uploads\/el-tiempo-en-argentina-esta-semana-regresan-el-frio-y-las-tormentas-algunas-fuertes-pero-por-poco-tiempo-1752431175350_1024-768x540.jpg 768w\" sizes=\"auto, (max-width: 1024px) 100vw, 1024px\" \/><\/figure>\n\n\n\n<p><\/p>\n\n\n\n<p><\/p>\n\n\n\n<p>El ECMWF, modelo de referencia de Meteored, indica que ya el lunes por la noche los acumulados en el noroeste bonaerense oscilar\u00e1n entre algunas d\u00e9cimas de mm y hasta los 10 mm en forma puntual, pero los eventos de mayor intensidad los registra desde la madrugada del martes con tormentas prefrontales, y luego en la tarde y noche, extendi\u00e9ndose en l\u00ednea San Luis \u2013 Mar del Plata, avanzando en conjunto luego hacia el nordeste, afectando todo el centro y este del pa\u00eds en la madrugada del mi\u00e9rcoles 16.<\/p>\n\n\n\n<p>Hacia el mediod\u00eda del mi\u00e9rcoles, el frente -posicionado en l\u00ednea Salta &#8211; R\u00edo de la Plata, ir\u00e1 barriendo el resto del norte y centro de la Argentina, con precipitaciones variadas, algunas en formas de lluvias y lloviznas, mientras que otras lo ser\u00e1n en forma de tormentas de variada intensidad, con algunos chaparrones fuertes y localizados, acompa\u00f1adas por r\u00e1fagas y no descartando la ocasional ca\u00edda de granizo.<\/p>\n\n\n\n<p>Finalmente, en las primeras horas del jueves el frente fr\u00edo y las precipitaciones asociadas estar\u00e1n fuera del territorio nacional, tras dejar acumulados de entre 25 y 50 mm en la provincia de Buenos Aires, sur y centro del Litoral, este de San Luis, y sectores de C\u00f3rdoba. En algunas localidades se pueden registrar valores mayores.<\/p>\n\n\n\n<p>Meteored recomienda estar atentos a nuestras actualizaciones y a las de los pron\u00f3sticos y alertas oficiales.<\/p>\n\n\n\n<p><strong>De la chomba al sweater\u2026 \u00bfy viceversa?<\/strong><\/p>\n\n\n\n<p>El pasaje de este frente de aire fr\u00edo romper\u00e1 la circulaci\u00f3n de aire m\u00e1s c\u00e1lido y h\u00famedo sobre el centro y norte del pa\u00eds, permitiendo que se instale -aunque en forma temporaria- un pulso de aire fr\u00edo que har\u00e1 que las temperaturas regresen a los valores t\u00edpicos del mes de julio.<\/p>\n\n\n\n<p><\/p>\n\n\n\n<figure class=\"wp-block-image size-full\"><img loading=\"lazy\" decoding=\"async\" width=\"1024\" height=\"720\" src=\"https:\/\/partediario.com.ar\/wp-content\/uploads\/el-tiempo-en-argentina-esta-semana-regresan-el-frio-y-las-tormentas-algunas-fuertes-pero-por-poco-tiempo-1752431776942_1024.webp\" alt=\"\" class=\"wp-image-13639\" srcset=\"https:\/\/partediario.com.ar\/wp-content\/uploads\/el-tiempo-en-argentina-esta-semana-regresan-el-frio-y-las-tormentas-algunas-fuertes-pero-por-poco-tiempo-1752431776942_1024.webp 1024w, https:\/\/partediario.com.ar\/wp-content\/uploads\/el-tiempo-en-argentina-esta-semana-regresan-el-frio-y-las-tormentas-algunas-fuertes-pero-por-poco-tiempo-1752431776942_1024-300x211.webp 300w, https:\/\/partediario.com.ar\/wp-content\/uploads\/el-tiempo-en-argentina-esta-semana-regresan-el-frio-y-las-tormentas-algunas-fuertes-pero-por-poco-tiempo-1752431776942_1024-768x540.webp 768w\" sizes=\"auto, (max-width: 1024px) 100vw, 1024px\" \/><\/figure>\n\n\n\n<p><\/p>\n\n\n\n<p>Sin embargo, el aire fr\u00edo ir\u00e1 perdiendo intensidad en los d\u00edas siguientes, y durante el pr\u00f3ximo fin de semana, algunas localidades volver\u00e1n a valores de temperaturas que estar\u00e1n levemente por encima de los valores normales para julio. Y si a esto le sumamos que se esperan condiciones de estabilidad atmosf\u00e9rica, pr\u00e1cticamente tenemos asegurado otro fin de semana agradable y sin lluvias. <strong>Mauricio Saldivar para Meteored.<\/strong><\/p>\n","protected":false},"excerpt":{"rendered":"<p>Tras varios d&iacute;as con una atm&oacute;sfera estable y temperaturas m&aacute;s altas que lo normal, el invierno volver&aacute; a decir presente y acompa&ntilde;ado por precipitaciones, algunas fuertes&hellip; y todo en forma temporaria. Ha sido muy evidente el contraste t&eacute;rmico entre la semana anterior y la que acaba de terminar ayer: de valores por debajo de los [&hellip;]<\/p>\n","protected":false},"author":2,"featured_media":13640,"comment_status":"open","ping_status":"open","sticky":false,"template":"","format":"standard","meta":{"footnotes":""},"categories":[5,726],"tags":[411,1004,5892,3962],"class_list":["post-13637","post","type-post","status-publish","format-standard","has-post-thumbnail","hentry","category-nacionales","category-sociedad","tag-argentina","tag-frio","tag-tiempo","tag-tormenta"],"_links":{"self":[{"href":"https:\/\/partediario.com.ar\/index.php?rest_route=\/wp\/v2\/posts\/13637","targetHints":{"allow":["GET"]}}],"collection":[{"href":"https:\/\/partediario.com.ar\/index.php?rest_route=\/wp\/v2\/posts"}],"about":[{"href":"https:\/\/partediario.com.ar\/index.php?rest_route=\/wp\/v2\/types\/post"}],"author":[{"embeddable":true,"href":"https:\/\/partediario.com.ar\/index.php?rest_route=\/wp\/v2\/users\/2"}],"replies":[{"embeddable":true,"href":"https:\/\/partediario.com.ar\/index.php?rest_route=%2Fwp%2Fv2%2Fcomments&post=13637"}],"version-history":[{"count":1,"href":"https:\/\/partediario.com.ar\/index.php?rest_route=\/wp\/v2\/posts\/13637\/revisions"}],"predecessor-version":[{"id":13641,"href":"https:\/\/partediario.com.ar\/index.php?rest_route=\/wp\/v2\/posts\/13637\/revisions\/13641"}],"wp:featuredmedia":[{"embeddable":true,"href":"https:\/\/partediario.com.ar\/index.php?rest_route=\/wp\/v2\/media\/13640"}],"wp:attachment":[{"href":"https:\/\/partediario.com.ar\/index.php?rest_route=%2Fwp%2Fv2%2Fmedia&parent=13637"}],"wp:term":[{"taxonomy":"category","embeddable":true,"href":"https:\/\/partediario.com.ar\/index.php?rest_route=%2Fwp%2Fv2%2Fcategories&post=13637"},{"taxonomy":"post_tag","embeddable":true,"href":"https:\/\/partediario.com.ar\/index.php?rest_route=%2Fwp%2Fv2%2Ftags&post=13637"}],"curies":[{"name":"wp","href":"https:\/\/api.w.org\/{rel}","templated":true}]}}