{"id":13655,"date":"2025-07-14T11:58:58","date_gmt":"2025-07-14T14:58:58","guid":{"rendered":"https:\/\/partediario.com.ar\/?p=13655"},"modified":"2025-07-22T20:24:00","modified_gmt":"2025-07-22T23:24:00","slug":"cristina-kirchner-tendra-su-propio-streaming-cristina-de-radio","status":"publish","type":"post","link":"https:\/\/partediario.com.ar\/?p=13655","title":{"rendered":"Cristina Kirchner tendr\u00e1 su propio streaming \u201cCristina de Radio\u201d"},"content":{"rendered":"\n<h2 class=\"wp-block-heading\">La ex presidenta de la Naci\u00f3n y actual titular del Partido Justicialista (PJ), Cristina Kirchner, finalmente tendr\u00e1 su propio straming y estar\u00e1 en el programa conducido por la periodista Sof\u00eda Caram en Radio 10 y se llamar\u00e1 \u201cCristina de Radio\u201d.<\/h2>\n\n\n\n<p>Este segmento protagonizado\/conducido por la ex presidente ir\u00eda los d\u00edas domingos, de 14 a 16, y estar\u00eda dentro de la emisi\u00f3n \u201cEsquina de Radio\u201d que se transmite en ese horario por AM 710.<\/p>\n\n\n\n<p>Seg\u00fan Caram, hablar\u00e1n con ella y debatir\u00e1n sobre las noticias m\u00e1s importantes de la semana con el fin de que la ex presidenta \u201cd\u00e9 su opini\u00f3n\u00bb. El debut ser\u00eda el domingo 20 de julio y podr\u00e1 escucharse y verse por la emisora tradicional, adem\u00e1s desde su canal de YouTube.<\/p>\n\n\n\n<p>Cristina Kirchner se encuentra cumpliendo la condena a seis a\u00f1os, por la Causa Vialidad, en presi\u00f3n domiciliaria, desde su casa San Jos\u00e9 1111 en el barrio porte\u00f1o de de Constituci\u00f3n.<\/p>\n\n\n\n<p>Este fin de semana, se vio un video dom\u00e9stico junto a su hijo M\u00e1ximo Kirchner, cocinando huevos revueltos con palta y hablando con su hijo sobre la interna del oficialismo: \u201cSon buenas para la salud y con eso me alcanza\u201d, contest\u00f3, en tono \u00edntimo, a una pregunta sobre si las prote\u00ednas \u201cson buenas para la pelea\u201d, mientras se escuchaban comentarios sobre la disputa entre el presidente Javier Milei y su vice Victoria Villarruel.<\/p>\n","protected":false},"excerpt":{"rendered":"<p>La ex presidenta de la Naci&oacute;n y actual titular del Partido Justicialista (PJ), Cristina Kirchner, finalmente tendr&aacute; su propio straming y estar&aacute; en el programa conducido por la periodista Sof&iacute;a Caram en Radio 10 y se llamar&aacute; &ldquo;Cristina de Radio&rdquo;. Este segmento protagonizado\/conducido por la ex presidente ir&iacute;a los d&iacute;as domingos, de 14 a 16, [&hellip;]<\/p>\n","protected":false},"author":2,"featured_media":13656,"comment_status":"open","ping_status":"open","sticky":false,"template":"","format":"standard","meta":{"footnotes":""},"categories":[4329,5,176],"tags":[6349,518,6350,2786],"class_list":["post-13655","post","type-post","status-publish","format-standard","has-post-thumbnail","hentry","category-espectaculos","category-nacionales","category-politica","tag-cristina-de-radio","tag-cristina-kirchner","tag-sofia-caram","tag-streaming"],"_links":{"self":[{"href":"https:\/\/partediario.com.ar\/index.php?rest_route=\/wp\/v2\/posts\/13655","targetHints":{"allow":["GET"]}}],"collection":[{"href":"https:\/\/partediario.com.ar\/index.php?rest_route=\/wp\/v2\/posts"}],"about":[{"href":"https:\/\/partediario.com.ar\/index.php?rest_route=\/wp\/v2\/types\/post"}],"author":[{"embeddable":true,"href":"https:\/\/partediario.com.ar\/index.php?rest_route=\/wp\/v2\/users\/2"}],"replies":[{"embeddable":true,"href":"https:\/\/partediario.com.ar\/index.php?rest_route=%2Fwp%2Fv2%2Fcomments&post=13655"}],"version-history":[{"count":1,"href":"https:\/\/partediario.com.ar\/index.php?rest_route=\/wp\/v2\/posts\/13655\/revisions"}],"predecessor-version":[{"id":13657,"href":"https:\/\/partediario.com.ar\/index.php?rest_route=\/wp\/v2\/posts\/13655\/revisions\/13657"}],"wp:featuredmedia":[{"embeddable":true,"href":"https:\/\/partediario.com.ar\/index.php?rest_route=\/wp\/v2\/media\/13656"}],"wp:attachment":[{"href":"https:\/\/partediario.com.ar\/index.php?rest_route=%2Fwp%2Fv2%2Fmedia&parent=13655"}],"wp:term":[{"taxonomy":"category","embeddable":true,"href":"https:\/\/partediario.com.ar\/index.php?rest_route=%2Fwp%2Fv2%2Fcategories&post=13655"},{"taxonomy":"post_tag","embeddable":true,"href":"https:\/\/partediario.com.ar\/index.php?rest_route=%2Fwp%2Fv2%2Ftags&post=13655"}],"curies":[{"name":"wp","href":"https:\/\/api.w.org\/{rel}","templated":true}]}}