{"id":13666,"date":"2025-07-23T10:32:29","date_gmt":"2025-07-23T13:32:29","guid":{"rendered":"https:\/\/partediario.com.ar\/?p=13666"},"modified":"2025-07-24T19:32:11","modified_gmt":"2025-07-24T22:32:11","slug":"kicillof-realizo-su-primer-acto-con-magario-y-cascallares-candidatos-de-la-tercera-seccion","status":"publish","type":"post","link":"https:\/\/partediario.com.ar\/?p=13666","title":{"rendered":"Kicillof realiz\u00f3 su primer acto con Magario y Cascallares, candidatos de la Tercera Secci\u00f3n"},"content":{"rendered":"\n<h2 class=\"wp-block-heading\">El gobernador bonaerense, Axel Kicillof, encabez\u00f3 este martes su primer acto de campa\u00f1a con la vicegobernadora Ver\u00f3nica Magario y el intendente de Almirante Brown, Mariano Cascallares, ambos candidatos en la Tercera Secci\u00f3n electoral, asegur\u00f3 que a la provincia \u201cno entra la motosierra ni el topo\u201d.<\/h2>\n\n\n\n<p>\u201cAc\u00e1 en la provincia de Buenos Aires no entra la motosierra ni el topo. No nos van a destruir ni la educaci\u00f3n p\u00fablica ni la salud p\u00fablica. No vamos a permitir que dejen en la calle, sin nada, a millones de bonaerenses\u201d, destac\u00f3 Kicillof, haciendo referencia a figuras que suelen ser habituales en el discurso del presidente Javier Milei.<\/p>\n\n\n\n<p>El mandatario provincial encabez\u00f3 en Almirante Brown la entrega de escrituras en el marco del programa \u201cMi Escritura Mi Casa\u201d junto a Magario y Cascallares, que ocupan el primer y el cuarto lugar de la lista de diputados provinciales de Fuerza Patria, respectivamente.<\/p>\n\n\n\n<p>\u201cLa Argentina atraviesa una pol\u00edtica econ\u00f3mica que no piensa en nuestra gente. Por eso cuando este 7 de septiembre tengamos elecciones yo tengo una respuesta para todos los que preguntan qu\u00e9 hacemos: tenemos la oportunidad de sumar fuerzas para parar esta pol\u00edtica econ\u00f3mica, para terminar la crueldad, para defender a la Provincia, a su aparato productivo y para defendernos de quienes quieren destruir trabajo, producci\u00f3n, salud y educaci\u00f3n\u201d, precis\u00f3 Kicillof.<\/p>\n\n\n\n<p>Se firmaron adem\u00e1s convenios del programa Mayores Bonaerenses Activos para fortalecer centros de jubilados del distrito, seg\u00fan se inform\u00f3 en un comunicado.<\/p>\n\n\n\n<p>Kicillof hab\u00eda subrayado este lunes que el peronismo acord\u00f3 la \u201cunidad\u201d para las elecciones bonaerenses \u201cmientras el radicalismo y el PRO est\u00e1n partidos\u201d.<\/p>\n","protected":false},"excerpt":{"rendered":"<p>El gobernador bonaerense, Axel Kicillof, encabez&oacute; este martes su primer acto de campa&ntilde;a con la vicegobernadora Ver&oacute;nica Magario y el intendente de Almirante Brown, Mariano Cascallares, ambos candidatos en la Tercera Secci&oacute;n electoral, asegur&oacute; que a la provincia &ldquo;no entra la motosierra ni el topo&rdquo;. &ldquo;Ac&aacute; en la provincia de Buenos Aires no entra la [&hellip;]<\/p>\n","protected":false},"author":2,"featured_media":13667,"comment_status":"open","ping_status":"open","sticky":false,"template":"","format":"standard","meta":{"footnotes":""},"categories":[5,176],"tags":[709,1112,6347,232,1399,747],"class_list":["post-13666","post","type-post","status-publish","format-standard","has-post-thumbnail","hentry","category-nacionales","category-politica","tag-acto","tag-axel-kicillof","tag-fuerza-patria","tag-javier-milei","tag-mariano-cascallares","tag-veronica-magario"],"_links":{"self":[{"href":"https:\/\/partediario.com.ar\/index.php?rest_route=\/wp\/v2\/posts\/13666","targetHints":{"allow":["GET"]}}],"collection":[{"href":"https:\/\/partediario.com.ar\/index.php?rest_route=\/wp\/v2\/posts"}],"about":[{"href":"https:\/\/partediario.com.ar\/index.php?rest_route=\/wp\/v2\/types\/post"}],"author":[{"embeddable":true,"href":"https:\/\/partediario.com.ar\/index.php?rest_route=\/wp\/v2\/users\/2"}],"replies":[{"embeddable":true,"href":"https:\/\/partediario.com.ar\/index.php?rest_route=%2Fwp%2Fv2%2Fcomments&post=13666"}],"version-history":[{"count":1,"href":"https:\/\/partediario.com.ar\/index.php?rest_route=\/wp\/v2\/posts\/13666\/revisions"}],"predecessor-version":[{"id":13668,"href":"https:\/\/partediario.com.ar\/index.php?rest_route=\/wp\/v2\/posts\/13666\/revisions\/13668"}],"wp:featuredmedia":[{"embeddable":true,"href":"https:\/\/partediario.com.ar\/index.php?rest_route=\/wp\/v2\/media\/13667"}],"wp:attachment":[{"href":"https:\/\/partediario.com.ar\/index.php?rest_route=%2Fwp%2Fv2%2Fmedia&parent=13666"}],"wp:term":[{"taxonomy":"category","embeddable":true,"href":"https:\/\/partediario.com.ar\/index.php?rest_route=%2Fwp%2Fv2%2Fcategories&post=13666"},{"taxonomy":"post_tag","embeddable":true,"href":"https:\/\/partediario.com.ar\/index.php?rest_route=%2Fwp%2Fv2%2Ftags&post=13666"}],"curies":[{"name":"wp","href":"https:\/\/api.w.org\/{rel}","templated":true}]}}