{"id":13672,"date":"2025-07-23T10:51:04","date_gmt":"2025-07-23T13:51:04","guid":{"rendered":"https:\/\/partediario.com.ar\/?p=13672"},"modified":"2025-07-24T19:32:04","modified_gmt":"2025-07-24T22:32:04","slug":"toviggino-le-contesto-a-bullrich-la-acuso-de-autoritaria-y-le-recordo-cuando-milei-la-trato-de-terrorista","status":"publish","type":"post","link":"https:\/\/partediario.com.ar\/?p=13672","title":{"rendered":"Toviggino le contest\u00f3 a Bullrich: la acus\u00f3 de autoritaria y le record\u00f3 cuando Milei la trat\u00f3 de \u00abterrorista\u00bb"},"content":{"rendered":"\n<h2 class=\"wp-block-heading\">El tesorero de la Asociaci\u00f3n del F\u00fatbol Argentino (AFA), Pablo Toviggino, le respondi\u00f3 con una fuerte carta a la ministra de Seguridad, Patricia Bullrich, rechaz\u00f3 su intimaci\u00f3n y la acus\u00f3 de ejercer una \u00abcensura disfrazada de institucionalidad\u00bb y de tener un comportamiento \u00abtragic\u00f3micamente autoritario\u00bb.<\/h2>\n\n\n\n<p>La respuesta de Toviggino lse da luego que Bullrich lo amenazara con aplicarle el derecho de admisi\u00f3n en las canchas si no se disculpaba por un tuit contra el jefe de Gabinete, Guillermo Francos. Lejos de retractarse, el dirigente redobl\u00f3 la apuesta y se\u00f1al\u00f3: \u00abDesear un pa\u00eds libre de pol\u00edticos como Ud y Dientes Amarillos, en mi opini\u00f3n es de persona de bien\u00bb, sentenci\u00f3.<\/p>\n\n\n\n<p><\/p>\n\n\n\n<blockquote class=\"twitter-tweet\"><p lang=\"es\" dir=\"ltr\">A la Sra. Patricia Bullrich\u2070Ministra de Seguridad de la Naci\u00f3n.<br><br>Sra. Ministra:<br>He recibido su carta documento, en la cual pretende usted se\u00f1alarme los l\u00edmites de la expresi\u00f3n y m\u00e1s ins\u00f3lito a\u00fan, darme lecciones sobre lo que constituye o no constituye violencia. <br>Me permito\u2026 <a href=\"https:\/\/t.co\/yyUe87CS4t\">https:\/\/t.co\/yyUe87CS4t<\/a><\/p>&mdash; Pablo Toviggino (@TovigginoPablo) <a href=\"https:\/\/twitter.com\/TovigginoPablo\/status\/1947790316335206705?ref_src=twsrc%5Etfw\">July 22, 2025<\/a><\/blockquote> <script async src=\"https:\/\/platform.twitter.com\/widgets.js\" charset=\"utf-8\"><\/script>\n\n\n\n<p><\/p>\n\n\n\n<p>En su carta, el tesorero de la AFA invoc\u00f3 su derecho constitucional a la libre expresi\u00f3n y calific\u00f3 como una \u00abiron\u00eda\u00bb que Bullrich se arrogue la potestad de definir qu\u00e9 es la violencia. Para reforzar su punto, le record\u00f3 a la ministra su propio pasado y las acusaciones del Presidente.<\/p>\n\n\n\n<p>\u00abResulta una iron\u00eda que usted (\u2026) lo haga sin sonrojarse, siendo parte de un gobierno cuyo Presidente, Javier Milei, asegur\u00f3 p\u00fablicamente \u2014 y sin desmentida suya, por cierto \u2014 que Usted fue terrorista y puso bombas en jardines de infantes. Si eso no constituye violencia, quiz\u00e1s deba actualizar sus definiciones o bien conversar seriamente con su Jefe\u00bb, apunt\u00f3 Toviggino.<\/p>\n\n\n\n<p>El dirigente de la AFA cuestion\u00f3 adem\u00e1s que el Ministerio de Seguridad se ocupe de \u00abcontrolar opiniones en lugar de, por ejemplo, el crecimiento de la violencia real que se vive en el pa\u00eds\u00bb y cerr\u00f3 ratificando su postura: \u00abMe reservo todos los derechos (\u2026) para continuar diciendo lo que pienso, cuando quiera, como quiera y donde quiera. Le guste o no, Sra Ministra, eso es la libertad\u00bb, subray\u00f3.<\/p>\n","protected":false},"excerpt":{"rendered":"<p>El tesorero de la Asociaci&oacute;n del F&uacute;tbol Argentino (AFA), Pablo Toviggino, le respondi&oacute; con una fuerte carta a la ministra de Seguridad, Patricia Bullrich, rechaz&oacute; su intimaci&oacute;n y la acus&oacute; de ejercer una &laquo;censura disfrazada de institucionalidad&raquo; y de tener un comportamiento &laquo;tragic&oacute;micamente autoritario&raquo;. La respuesta de Toviggino lse da luego que Bullrich lo amenazara [&hellip;]<\/p>\n","protected":false},"author":2,"featured_media":13673,"comment_status":"open","ping_status":"open","sticky":false,"template":"","format":"standard","meta":{"footnotes":""},"categories":[5,176],"tags":[329,232,6354,510],"class_list":["post-13672","post","type-post","status-publish","format-standard","has-post-thumbnail","hentry","category-nacionales","category-politica","tag-guillermo-francos","tag-javier-milei","tag-pablo-toviggino","tag-patricia-bullrich"],"_links":{"self":[{"href":"https:\/\/partediario.com.ar\/index.php?rest_route=\/wp\/v2\/posts\/13672","targetHints":{"allow":["GET"]}}],"collection":[{"href":"https:\/\/partediario.com.ar\/index.php?rest_route=\/wp\/v2\/posts"}],"about":[{"href":"https:\/\/partediario.com.ar\/index.php?rest_route=\/wp\/v2\/types\/post"}],"author":[{"embeddable":true,"href":"https:\/\/partediario.com.ar\/index.php?rest_route=\/wp\/v2\/users\/2"}],"replies":[{"embeddable":true,"href":"https:\/\/partediario.com.ar\/index.php?rest_route=%2Fwp%2Fv2%2Fcomments&post=13672"}],"version-history":[{"count":1,"href":"https:\/\/partediario.com.ar\/index.php?rest_route=\/wp\/v2\/posts\/13672\/revisions"}],"predecessor-version":[{"id":13674,"href":"https:\/\/partediario.com.ar\/index.php?rest_route=\/wp\/v2\/posts\/13672\/revisions\/13674"}],"wp:featuredmedia":[{"embeddable":true,"href":"https:\/\/partediario.com.ar\/index.php?rest_route=\/wp\/v2\/media\/13673"}],"wp:attachment":[{"href":"https:\/\/partediario.com.ar\/index.php?rest_route=%2Fwp%2Fv2%2Fmedia&parent=13672"}],"wp:term":[{"taxonomy":"category","embeddable":true,"href":"https:\/\/partediario.com.ar\/index.php?rest_route=%2Fwp%2Fv2%2Fcategories&post=13672"},{"taxonomy":"post_tag","embeddable":true,"href":"https:\/\/partediario.com.ar\/index.php?rest_route=%2Fwp%2Fv2%2Ftags&post=13672"}],"curies":[{"name":"wp","href":"https:\/\/api.w.org\/{rel}","templated":true}]}}