{"id":13696,"date":"2025-07-24T20:48:20","date_gmt":"2025-07-24T23:48:20","guid":{"rendered":"https:\/\/partediario.com.ar\/?p=13696"},"modified":"2025-07-26T10:57:22","modified_gmt":"2025-07-26T13:57:22","slug":"urgente-francia-reconocera-al-estado-palestino","status":"publish","type":"post","link":"https:\/\/partediario.com.ar\/?p=13696","title":{"rendered":"URGENTE: Francia reconocer\u00e1 al Estado palestino"},"content":{"rendered":"\n<h2 class=\"wp-block-heading\">Francia reconocer\u00e1 al Estado palestino ante la ONU en septiembre, as\u00ed lo anunci\u00f3 este jueves el presidente Emmanuel Macron en redes sociales. La Autoridad Palestina reaccion\u00f3 agradeciendo \u00abel compromiso de Francia con el derecho internacional\u00bb.<\/h2>\n\n\n\n<p>Francia reconocer\u00e1 al Estado de Palestina durante la Asamblea General de la ONU que se celebra en septiembre en Nueva York, lo anunci\u00f3 este jueves el presidente Emmanuel Macron en redes sociales, en medio de la creciente indignaci\u00f3n mundial por la hambruna en Gaza. La decisi\u00f3n fue rechaza por Israel, que la llam\u00f3 \u00abayuda directa al terrorismo\u00bb.<\/p>\n\n\n\n<p>\u00abFiel al compromiso hist\u00f3rico con una paz justa y duradera en Oriente Medio, decid\u00ed que Francia reconocer\u00e1 al Estado de Palestina. Lo anunciar\u00e9 solemnemente durante la Asamblea General de la ONU el pr\u00f3ximo mes de septiembre\u00bb, expres\u00f3 Macron en X e Instagram.<\/p>\n\n\n\n<p>\u00abLo urgente hoy es que cese la guerra en Gaza y se salve a la poblaci\u00f3n civil\u2033, asegur\u00f3 el presidente franc\u00e9s, que apoy\u00f3 a Israel tras el ataque terrorista de Hamas del 7 de octubre de 2023, pero cuya frustraci\u00f3n por el curso de la guerra en Gaza se ha elevado desde entonces, sobre todo en los \u00faltimos meses.<\/p>\n\n\n\n<p>Israel critic\u00f3 la decisi\u00f3n de Par\u00eds. El Primer Ministro israel\u00ed, Benjamin Netanyahu, expres\u00f3 este jueves su \u00aben\u00e9rgica condena a la decisi\u00f3n del presidente Macron de reconocer un Estado Palestino junto a Tel Aviv tras la masacre del 7 de octubre de 2023\u00bb.<\/p>\n\n\n\n<p>Netanyahu opina que \u00abun Estado Palestino, en estas condiciones, ser\u00eda una plataforma para aniquilar Israel, no para vivir en paz conjunta. Seamos claro, los palestinos no buscan un Estado junto a Israel, sino uno que reemplace a Israel\u00bb.<\/p>\n\n\n\n<p>M\u00e1s temprano el el Viceprimer ministro israel\u00ed, Yariv Levin, hab\u00eda calificado el anuncio de Macron como \u00abmancha negra en la historia de Francia y ayuda directa al terrorismo\u00bb.<\/p>\n\n\n\n<p>Levin, que tambi\u00e9n es ministro de Justicia, afirm\u00f3 que la \u00abvergonzosa decisi\u00f3n\u00bb de Francia significaba que hab\u00eda llegado \u00abel momento de aplicar la soberan\u00eda israel\u00ed\u00bb a Cisjordania, ocupada por Israel desde 1967.<\/p>\n\n\n\n<p>Palestina agradece a Francia \u00absu compromiso con el derecho internacional\u00bb<br>Macron tambi\u00e9n public\u00f3 una carta que envi\u00f3 al Presidente palestino Mahmoud Abbas, que administra parcialmente Cisjordania, sobre la decisi\u00f3n.<\/p>\n\n\n\n<p>El Vicepresidente de la Autoridad Palestina, Hussein al-Sheikh, celebr\u00f3 el jueves la intenci\u00f3n de Francia de reconocer un Estado de Palestina, agradeciendo al presidente Emmanuel Macron.<\/p>\n\n\n\n<p>\u00abEsta posici\u00f3n refleja el compromiso de Francia con el derecho internacional y su apoyo a los derechos del pueblo palestino a la autodeterminaci\u00f3n y al establecimiento de nuestro Estado independiente\u00bb, dijo Sheikh.<\/p>\n\n\n\n<p>El anuncio franc\u00e9s ocurre el mismo dia en que Estados Unidos e Israel al retiraron a sus negociadores de las conversaciones para el alto el fuego en Gaza.<\/p>\n\n\n\n<p>El enviado especial de Donald Trump, Steve Witkoff, culp\u00f3 a Ham\u00e1s de no haber alcanzado un acuerdo y afirm\u00f3 que Washington \u00abconsiderar\u00eda opciones alternativas\u00bb para lograr que los rehenes israel\u00edes en manos de Hamas retornen a sus hogares<\/p>\n\n\n\n<p>Francia es el mayor y m\u00e1s poderoso pa\u00eds europeo que reconoce a Palestina. M\u00e1s de 140 pa\u00edses reconocen un Estado palestino, entre ellos m\u00e1s de una docena en Europa.<\/p>\n\n\n\n<p>\u00danete gratis a nuestro canal de WhatsApp: Haz clic aqu\u00ed para estar al tanto de las noticias y no perderte ninguna actualizaci\u00f3n.<\/p>\n\n\n\n<p>Francia tiene la mayor poblaci\u00f3n jud\u00eda de Europa y la mayor poblaci\u00f3n musulmana de Europa occidental, y los enfrentamientos en Oriente Medio a menudo repercuten en protestas u otras tensiones en el pa\u00eds.<\/p>\n\n\n\n<p>Con informaci\u00f3n de AP y AFP<\/p>\n","protected":false},"excerpt":{"rendered":"<p>Francia reconocer&aacute; al Estado palestino ante la ONU en septiembre, as&iacute; lo anunci&oacute; este jueves el presidente Emmanuel Macron en redes sociales. La Autoridad Palestina reaccion&oacute; agradeciendo &laquo;el compromiso de Francia con el derecho internacional&raquo;. Francia reconocer&aacute; al Estado de Palestina durante la Asamblea General de la ONU que se celebra en septiembre en Nueva [&hellip;]<\/p>\n","protected":false},"author":2,"featured_media":13697,"comment_status":"open","ping_status":"open","sticky":false,"template":"","format":"standard","meta":{"footnotes":""},"categories":[9],"tags":[6366,1586,238,6367],"class_list":["post-13696","post","type-post","status-publish","format-standard","has-post-thumbnail","hentry","category-internacionales","tag-estado-palestino","tag-francia","tag-onu","tag-reconocimiento"],"_links":{"self":[{"href":"https:\/\/partediario.com.ar\/index.php?rest_route=\/wp\/v2\/posts\/13696","targetHints":{"allow":["GET"]}}],"collection":[{"href":"https:\/\/partediario.com.ar\/index.php?rest_route=\/wp\/v2\/posts"}],"about":[{"href":"https:\/\/partediario.com.ar\/index.php?rest_route=\/wp\/v2\/types\/post"}],"author":[{"embeddable":true,"href":"https:\/\/partediario.com.ar\/index.php?rest_route=\/wp\/v2\/users\/2"}],"replies":[{"embeddable":true,"href":"https:\/\/partediario.com.ar\/index.php?rest_route=%2Fwp%2Fv2%2Fcomments&post=13696"}],"version-history":[{"count":1,"href":"https:\/\/partediario.com.ar\/index.php?rest_route=\/wp\/v2\/posts\/13696\/revisions"}],"predecessor-version":[{"id":13698,"href":"https:\/\/partediario.com.ar\/index.php?rest_route=\/wp\/v2\/posts\/13696\/revisions\/13698"}],"wp:featuredmedia":[{"embeddable":true,"href":"https:\/\/partediario.com.ar\/index.php?rest_route=\/wp\/v2\/media\/13697"}],"wp:attachment":[{"href":"https:\/\/partediario.com.ar\/index.php?rest_route=%2Fwp%2Fv2%2Fmedia&parent=13696"}],"wp:term":[{"taxonomy":"category","embeddable":true,"href":"https:\/\/partediario.com.ar\/index.php?rest_route=%2Fwp%2Fv2%2Fcategories&post=13696"},{"taxonomy":"post_tag","embeddable":true,"href":"https:\/\/partediario.com.ar\/index.php?rest_route=%2Fwp%2Fv2%2Ftags&post=13696"}],"curies":[{"name":"wp","href":"https:\/\/api.w.org\/{rel}","templated":true}]}}