{"id":13699,"date":"2025-07-26T10:29:00","date_gmt":"2025-07-26T13:29:00","guid":{"rendered":"https:\/\/partediario.com.ar\/?p=13699"},"modified":"2025-07-28T11:23:00","modified_gmt":"2025-07-28T14:23:00","slug":"trabajadores-del-hospital-garrahan-convocaron-a-un-cabildo-abierto-el-2-de-agosto-y-preparan-una-nueva-medida-de-fuerza","status":"publish","type":"post","link":"https:\/\/partediario.com.ar\/?p=13699","title":{"rendered":"Trabajadores del Hospital Garrahan convocaron a un cabildo abierto el 2 de agosto y preparan una nueva medida de fuerza"},"content":{"rendered":"\n<h2 class=\"wp-block-heading\">Los trabajadores del Hospital Garrahan convocaron a un \u201ccabildo abierto nacional\u201d, para el s\u00e1bado 2 de agosto junto a organizaciones sindicales, estudiantiles, territoriales y de derechos humanos para visibilizar el ajuste en materia de presupuesto y salarios que sufre el sector, simult\u00e1neamente preparan un \u201cparo nacional de salud\u201d.<\/h2>\n\n\n\n<p>La Asociaci\u00f3n Civil y Gremial de Profesionales y T\u00e9cnicos del Hospital Garrahan (APYT), dispuso en la asamblea de ayer iniciar el viernes pr\u00f3ximo la campa\u00f1a \u201cAgosto por el Hospital Garrahan y las Infancias\u201d, que consistir\u00e1 en una jornada de difusi\u00f3n de caminata con artistas y velas que iniciar\u00e1 a las 18 en Corrientes y Callao.<\/p>\n\n\n\n<p>El s\u00e1bado 2 de agosto, mientras tanto, se realizar\u00e1 un \u201cCabildo Abierto de Salud\u201d para impulsar un \u201cparo nacional y una jornada de lucha\u201d con las organizaciones que marcharon el 17 de julio\u201d, ocasi\u00f3n en que se llev\u00f3 a cabo un paro nacional, adem\u00e1s de buscar \u201carticular con la comunidad universitaria, tambi\u00e9n en reclamo por presupuesto y salarios\u201d.<\/p>\n\n\n\n<p>El 6 de agosto, los trabajadores realizar\u00e1n una asamblea con el objetivo de \u201cvotar un paro el 13 con caravana y ruidazo a la Quinta de Olivos\u201d.<\/p>\n\n\n\n<p>La APyT reclama un salario inicial de al menos 1.800.000 pesos para \u201cfrenar la ola de renuncias, que ya suma m\u00e1s de 220 profesionales en los \u00faltimos meses\u201d, adem\u00e1s de exigir que se \u201cfrene la precarizaci\u00f3n de residentes y becarios\u201d y se revierta \u201cel vaciamiento\u201d de la instituci\u00f3n, entre otras demandas del sector.<\/p>\n","protected":false},"excerpt":{"rendered":"<p>Los trabajadores del Hospital Garrahan convocaron a un &ldquo;cabildo abierto nacional&rdquo;, para el s&aacute;bado 2 de agosto junto a organizaciones sindicales, estudiantiles, territoriales y de derechos humanos para visibilizar el ajuste en materia de presupuesto y salarios que sufre el sector, simult&aacute;neamente preparan un &ldquo;paro nacional de salud&rdquo;. La Asociaci&oacute;n Civil y Gremial de Profesionales [&hellip;]<\/p>\n","protected":false},"author":2,"featured_media":13700,"comment_status":"open","ping_status":"open","sticky":false,"template":"","format":"standard","meta":{"footnotes":""},"categories":[978,5,176],"tags":[6368,3557,691,306,1949],"class_list":["post-13699","post","type-post","status-publish","format-standard","has-post-thumbnail","hentry","category-gremiales","category-nacionales","category-politica","tag-cabildo-abierto","tag-garrahan","tag-paro","tag-salud","tag-trabajadores"],"_links":{"self":[{"href":"https:\/\/partediario.com.ar\/index.php?rest_route=\/wp\/v2\/posts\/13699","targetHints":{"allow":["GET"]}}],"collection":[{"href":"https:\/\/partediario.com.ar\/index.php?rest_route=\/wp\/v2\/posts"}],"about":[{"href":"https:\/\/partediario.com.ar\/index.php?rest_route=\/wp\/v2\/types\/post"}],"author":[{"embeddable":true,"href":"https:\/\/partediario.com.ar\/index.php?rest_route=\/wp\/v2\/users\/2"}],"replies":[{"embeddable":true,"href":"https:\/\/partediario.com.ar\/index.php?rest_route=%2Fwp%2Fv2%2Fcomments&post=13699"}],"version-history":[{"count":1,"href":"https:\/\/partediario.com.ar\/index.php?rest_route=\/wp\/v2\/posts\/13699\/revisions"}],"predecessor-version":[{"id":13701,"href":"https:\/\/partediario.com.ar\/index.php?rest_route=\/wp\/v2\/posts\/13699\/revisions\/13701"}],"wp:featuredmedia":[{"embeddable":true,"href":"https:\/\/partediario.com.ar\/index.php?rest_route=\/wp\/v2\/media\/13700"}],"wp:attachment":[{"href":"https:\/\/partediario.com.ar\/index.php?rest_route=%2Fwp%2Fv2%2Fmedia&parent=13699"}],"wp:term":[{"taxonomy":"category","embeddable":true,"href":"https:\/\/partediario.com.ar\/index.php?rest_route=%2Fwp%2Fv2%2Fcategories&post=13699"},{"taxonomy":"post_tag","embeddable":true,"href":"https:\/\/partediario.com.ar\/index.php?rest_route=%2Fwp%2Fv2%2Ftags&post=13699"}],"curies":[{"name":"wp","href":"https:\/\/api.w.org\/{rel}","templated":true}]}}